{"id":8238,"date":"2024-07-03T16:36:21","date_gmt":"2024-07-03T14:36:21","guid":{"rendered":"https:\/\/lastenvelomannheim.de\/?p=8238"},"modified":"2025-03-09T18:50:35","modified_gmt":"2025-03-09T17:50:35","slug":"werdet-pilotinnen-fuer-die-fahrradrickscha-erika-oder-das-rollirad-billie-und-schenkt-unvergessliche-momente","status":"publish","type":"post","link":"https:\/\/lastenvelomannheim.de\/?p=8238","title":{"rendered":"Als PilotIn f\u00fcr Fahrradrikscha ERika oder Rollirad Billie unvergessliche Momente schenken!"},"content":{"rendered":"\n<h3 class=\"wp-block-heading\"><\/h3>\n\n\n\n<p>Wir erweitern unser Angebot und verleihen jetzt nicht nur Lastenr\u00e4der, sondern auch die Fahrradrikscha ERika und das Rollstuhltransportrad Billie. Doch das ist nicht alles \u2013 wir suchen euch, engagierte Freiwillige, die Lust haben, als FahrerIn dieser speziellen R\u00e4der unvergessliche Momente zu schenken.<\/p>\n\n\n\n<h4 class=\"wp-block-heading\">Eure Chance, Freude zu schenken<\/h4>\n\n\n\n<p>Stellt euch vor, wie es sich anf\u00fchlt, wenn eine \u00e4ltere Dame ein Tr\u00e4nchen verdr\u00fcckt, weil sie endlich wieder die B\u00e4ume sehen kann, die sie so lange vermisst hat. Oder wie jemand aus dem Rollstuhltransportrad heraus sein altes Wohnviertel wiederentdeckt und Geschichten von fr\u00fcher erz\u00e4hlt. Diese Momente sind unbezahlbar und ihr k\u00f6nnt Teil davon sein!<\/p>\n\n\n\n<p>Unsere Aktionen waren ein voller Erfolg: Freiwillige haben Bewohner von Einrichtungen f\u00fcr behinderte Menschen und Altenheime auf unvergessliche Ausfl\u00fcge mitgenommen. Es wurde gelacht, gestaunt und geweint. Geschichten \u00fcber das Aufwachsen in der Nachkriegszeit wurden geteilt, Lieblingsgerichte wie Rahmkartoffeln und Marmorkuchen wurden besprochen und ein Storch am Himmel wurde bestaunt.<\/p>\n\n\n\n<p>Viele Einrichtungen haben Interesse, aber k\u00f6nnen die R\u00e4der aufgrund personeller Engp\u00e4sse oft nicht nutzen. Deshalb sind wir auf der Suche nach freiwilligen FahrerInnen.<\/p>\n\n\n\n<p><\/p>\n\n\n\n<figure class=\"wp-block-image size-full\"><img loading=\"lazy\" decoding=\"async\" width=\"700\" height=\"525\" src=\"https:\/\/lastenvelomannheim.de\/wp-content\/uploads\/2024\/07\/Billie-1000-20230721_150006.jpg\" alt=\"\" class=\"wp-image-8239\" srcset=\"https:\/\/lastenvelomannheim.de\/wp-content\/uploads\/2024\/07\/Billie-1000-20230721_150006.jpg 700w, https:\/\/lastenvelomannheim.de\/wp-content\/uploads\/2024\/07\/Billie-1000-20230721_150006-300x225.jpg 300w, https:\/\/lastenvelomannheim.de\/wp-content\/uploads\/2024\/07\/Billie-1000-20230721_150006-60x45.jpg 60w, https:\/\/lastenvelomannheim.de\/wp-content\/uploads\/2024\/07\/Billie-1000-20230721_150006-100x75.jpg 100w\" sizes=\"auto, (max-width: 700px) 100vw, 700px\" \/><\/figure>\n\n\n\n<h4 class=\"wp-block-heading\">Wie laufen die Fahrten bei einer Aktionswoche ab?<\/h4>\n\n\n\n<p>Die \u00dcbergabe der Personen am Pflegeheim wird von LaMa-Vereinsmitgliedern organisiert, sodass ihr euch voll und ganz auf den sch\u00f6nen Ausflug konzentrieren k\u00f6nnt.<\/p>\n\n\n\n<p>Ihr erhaltet von uns eine vorgegebene Tour, auf der Ihr mit den breiten Fahrr\u00e4dern sicher radeln werdet. Bei den Fahrten ist immer ein Tandem-Team aus neuen und erfahrenen FahrerInnen dabei. So k\u00f6nnt ihr sicher sein, dass ihr die notwendige Unterst\u00fctzung und Anleitung erhaltet. <\/p>\n\n\n\n<h4 class=\"wp-block-heading\">So werdet ihr FahrerIn bei LaMa<\/h4>\n\n\n\n<p>Um FahrerIn der Fahrradrikscha oder des Rollstuhltransportrads zu werden, braucht ihr bei uns nur einen kleinen \u201eF\u00fchrerschein\u201c zu machen:  Ihr bekommt eine Einweisung in die Funktionen der R\u00e4der und \u00fcbt, wie man den Rollstuhl sicher aufs Rad bringt und wieder herunterbekommt. Und nat\u00fcrlich d\u00fcrft ihr auch selbst mal Platz nehmen und die Fahrt aus der Perspektive der Mitfahrenden erleben. Schreibt einfach eine E-Mail an <a>lama.billie@lastenvelomannheim.de<\/a>. <\/p>\n\n\n\n<figure class=\"wp-block-image size-full\"><img loading=\"lazy\" decoding=\"async\" width=\"700\" height=\"553\" src=\"https:\/\/lastenvelomannheim.de\/wp-content\/uploads\/2024\/07\/einweisung-700.jpg\" alt=\"\" class=\"wp-image-8245\" srcset=\"https:\/\/lastenvelomannheim.de\/wp-content\/uploads\/2024\/07\/einweisung-700.jpg 700w, https:\/\/lastenvelomannheim.de\/wp-content\/uploads\/2024\/07\/einweisung-700-300x237.jpg 300w, https:\/\/lastenvelomannheim.de\/wp-content\/uploads\/2024\/07\/einweisung-700-60x47.jpg 60w, https:\/\/lastenvelomannheim.de\/wp-content\/uploads\/2024\/07\/einweisung-700-100x79.jpg 100w\" sizes=\"auto, (max-width: 700px) 100vw, 700px\" \/><\/figure>\n\n\n\n<h4 class=\"wp-block-heading\">Werdet Teil unseres Freiwilligennetzwerks<\/h4>\n\n\n\n<p>Unser Ziel ist es, ein starkes Netzwerk aus freiwilligen Radlern aufzubauen, die gemeinsam mit den Bewohnern von Einrichtungen und Privatpersonen das Unterwegssein genie\u00dfen und den Fahrtwind um die Nase wehen lassen.<\/p>\n\n\n\n<p>Eure Aufgabe: Verantwortung \u00fcbernehmen und Freude verbreiten. Dank unserer guten Einweisung und Hilfe vor Ort f\u00fchlt ihr euch sicher und auch die Personen auf dem Rad, damit ihr gemeinsam Spa\u00df an der Fahrt hat.<\/p>\n\n\n\n<figure class=\"wp-block-image size-full\"><img loading=\"lazy\" decoding=\"async\" width=\"700\" height=\"531\" src=\"https:\/\/lastenvelomannheim.de\/wp-content\/uploads\/2024\/07\/fahrerteam-700.jpg\" alt=\"\" class=\"wp-image-8246\" srcset=\"https:\/\/lastenvelomannheim.de\/wp-content\/uploads\/2024\/07\/fahrerteam-700.jpg 700w, https:\/\/lastenvelomannheim.de\/wp-content\/uploads\/2024\/07\/fahrerteam-700-300x228.jpg 300w, https:\/\/lastenvelomannheim.de\/wp-content\/uploads\/2024\/07\/fahrerteam-700-60x46.jpg 60w, https:\/\/lastenvelomannheim.de\/wp-content\/uploads\/2024\/07\/fahrerteam-700-100x76.jpg 100w\" sizes=\"auto, (max-width: 700px) 100vw, 700px\" \/><\/figure>\n\n\n\n<h4 class=\"wp-block-heading\">Mitmachen und unterst\u00fctzen<\/h4>\n\n\n\n<p>Wenn ihr Lust habt, als Fahrer bei unserer n\u00e4chsten Aktion dabei zu sein, eine Einweisung erhalten m\u00f6chtet oder uns finanziell unterst\u00fctzen wollt, dann meldet euch bei uns! Schreibt einfach eine E-Mail an <a>lama.billie@lastenvelomannheim.de<\/a>.<\/p>\n\n\n\n<figure class=\"wp-block-image size-full\"><img loading=\"lazy\" decoding=\"async\" width=\"700\" height=\"466\" src=\"https:\/\/lastenvelomannheim.de\/wp-content\/uploads\/2024\/07\/ERIKA-1000-20240414-Klimapark-eroeffnung-mr_140424_666404.jpg\" alt=\"\" class=\"wp-image-8240\" srcset=\"https:\/\/lastenvelomannheim.de\/wp-content\/uploads\/2024\/07\/ERIKA-1000-20240414-Klimapark-eroeffnung-mr_140424_666404.jpg 700w, https:\/\/lastenvelomannheim.de\/wp-content\/uploads\/2024\/07\/ERIKA-1000-20240414-Klimapark-eroeffnung-mr_140424_666404-300x200.jpg 300w, https:\/\/lastenvelomannheim.de\/wp-content\/uploads\/2024\/07\/ERIKA-1000-20240414-Klimapark-eroeffnung-mr_140424_666404-60x40.jpg 60w, https:\/\/lastenvelomannheim.de\/wp-content\/uploads\/2024\/07\/ERIKA-1000-20240414-Klimapark-eroeffnung-mr_140424_666404-100x67.jpg 100w\" sizes=\"auto, (max-width: 700px) 100vw, 700px\" \/><\/figure>\n\n\n\n<h4 class=\"wp-block-heading\"><\/h4>\n\n\n\n<p><\/p>\n","protected":false},"excerpt":{"rendered":"<p>Wir erweitern unser Angebot und verleihen jetzt nicht nur Lastenr\u00e4der, sondern auch die Fahrradrikscha ERika und das Rollstuhltransportrad Billie. Doch das ist nicht alles \u2013 wir suchen euch, engagierte Freiwillige, die Lust haben, als FahrerIn dieser speziellen R\u00e4der unvergessliche Momente zu schenken. Eure Chance, Freude zu schenken Stellt euch vor, wie es sich anf\u00fchlt, wenn &hellip; <\/p>\n<p class=\"link-more\"><a href=\"https:\/\/lastenvelomannheim.de\/?p=8238\" class=\"more-link\"><span class=\"screen-reader-text\">\u201eAls PilotIn f\u00fcr Fahrradrikscha ERika oder Rollirad Billie unvergessliche Momente schenken!\u201c <\/span>weiterlesen<\/a><\/p>\n","protected":false},"author":151,"featured_media":8255,"comment_status":"closed","ping_status":"open","sticky":false,"template":"","format":"standard","meta":{"footnotes":""},"categories":[1],"tags":[],"class_list":["post-8238","post","type-post","status-publish","format-standard","has-post-thumbnail","hentry","category-allgemein"],"_links":{"self":[{"href":"https:\/\/lastenvelomannheim.de\/index.php?rest_route=\/wp\/v2\/posts\/8238","targetHints":{"allow":["GET"]}}],"collection":[{"href":"https:\/\/lastenvelomannheim.de\/index.php?rest_route=\/wp\/v2\/posts"}],"about":[{"href":"https:\/\/lastenvelomannheim.de\/index.php?rest_route=\/wp\/v2\/types\/post"}],"author":[{"embeddable":true,"href":"https:\/\/lastenvelomannheim.de\/index.php?rest_route=\/wp\/v2\/users\/151"}],"replies":[{"embeddable":true,"href":"https:\/\/lastenvelomannheim.de\/index.php?rest_route=%2Fwp%2Fv2%2Fcomments&post=8238"}],"version-history":[{"count":11,"href":"https:\/\/lastenvelomannheim.de\/index.php?rest_route=\/wp\/v2\/posts\/8238\/revisions"}],"predecessor-version":[{"id":11316,"href":"https:\/\/lastenvelomannheim.de\/index.php?rest_route=\/wp\/v2\/posts\/8238\/revisions\/11316"}],"wp:featuredmedia":[{"embeddable":true,"href":"https:\/\/lastenvelomannheim.de\/index.php?rest_route=\/wp\/v2\/media\/8255"}],"wp:attachment":[{"href":"https:\/\/lastenvelomannheim.de\/index.php?rest_route=%2Fwp%2Fv2%2Fmedia&parent=8238"}],"wp:term":[{"taxonomy":"category","embeddable":true,"href":"https:\/\/lastenvelomannheim.de\/index.php?rest_route=%2Fwp%2Fv2%2Fcategories&post=8238"},{"taxonomy":"post_tag","embeddable":true,"href":"https:\/\/lastenvelomannheim.de\/index.php?rest_route=%2Fwp%2Fv2%2Ftags&post=8238"}],"curies":[{"name":"wp","href":"https:\/\/api.w.org\/{rel}","templated":true}]}}