{"id":7686,"date":"2024-06-12T06:23:56","date_gmt":"2024-06-12T04:23:56","guid":{"rendered":"https:\/\/lastenvelomannheim.de\/?p=7686"},"modified":"2024-06-12T06:24:43","modified_gmt":"2024-06-12T04:24:43","slug":"radsternfahrt-nach-heidelberg-und-raddemo-heidelberg-schwetzingen-am-23-6","status":"publish","type":"post","link":"https:\/\/lastenvelomannheim.de\/?p=7686","title":{"rendered":"Radsternfahrt nach Heidelberg und Raddemo Heidelberg &#8211; Schwetzingen am 23.6."},"content":{"rendered":"\n<p>Unter dem Motto \u201eF\u00fcr mehr und sichere Radwege\u201c l\u00e4dt der ADFC Rhein-Neckar am Sonntag, 23. Juni 2024, zu einer Sternfahrt nach Heidelberg ein. Daran schlie\u00dft sich unter dem Motto \u201eRadschnellweg Rhein-Neckar heute\u201c eine Fahrraddemonstration \u00fcber die B 535 durch den Tunnel nach Schwetzingen an, die von einem breiten Aktionsb\u00fcndnis getragen wird. <\/p>\n\n\n\n<p>Lastenr\u00e4der von LaMa werden bei der Radsternfahrt mitfahren und wir unterst\u00fctzen die Demo f\u00fcr einen Radschnellweg nach Schwetzingen.<\/p>\n\n\n\n<h4 class=\"wp-block-heading\">Sternfahrt und Stadtradeln<\/h4>\n\n\n\n<p>Der 23. Juni ist der letzte Tag des Stadtradelns im Heidelberg und Mannheim und der erste Stadtradel-Tag im Rhein-Neckar-Kreis. Es wird an diesem Tag also sozusagen der Stab \u00fcbergeben.<\/p>\n\n\n\n<h4 class=\"wp-block-heading\">Startorte und Startzeiten der Sternfahrt nach Heidelberg:<\/h4>\n\n\n\n<ul class=\"wp-block-list\">\n<li>Mannheim, Wasserturm: 8.30 Uhr<\/li>\n\n\n\n<li>Ladenburg, Wasserturm: 9.15 Uhr<\/li>\n\n\n\n<li>Weinheim, Bahnhof: 8.45 Uhr<\/li>\n\n\n\n<li>Wiesloch\/Walldorf, Bahnhof: 9.00 Uhr<\/li>\n\n\n\n<li>Neckargem\u00fcnd, Bahnhof: 9.15 Uhr<\/li>\n\n\n\n<li>Schwetzingen, Schlosspark: 9.15 Uhr<\/li>\n<\/ul>\n\n\n\n<h4 class=\"wp-block-heading\">Zwischenstationen mit Zeitangabe (ca.):<\/h4>\n\n\n\n<ul class=\"wp-block-list\">\n<li>Nussloch, Lindenplatz: 9.30 Uhr<\/li>\n\n\n\n<li>Leimen, Kurpfalzzentrum: 9.45 Uhr<\/li>\n\n\n\n<li>Leutershausen, Heddesheimer Stra\u00dfe \/ B3: 9.25 Uhr<\/li>\n\n\n\n<li>Schriesheim, Schlittweg \/B3: 9:40 Uhr<\/li>\n<\/ul>\n\n\n\n<h4 class=\"wp-block-heading\">11 Uhr: Start der Demo nach Schwetzingen<\/h4>\n\n\n\n<p>Die \u201eSterne\u201c treffen gegen 10.30 Uhr in der der Heidelberger Bahnstadt auf dem Gadamerplatz ein, wo eine Kundgebung stattfindet. Um 11 Uhr startet die Fahrraddemonstration \u00fcber die B 535 nach Schwetzingen. Ziel sind die \u201eKleinen Planken\u201c in der Schwetzinger Nordstadt, wo die Teilnehmerinnen und Teilnehmer gegen 12.30 Uhr eintreffen werden und die Abschlusskundgebung stattfindet.<\/p>\n\n\n\n<h4 class=\"wp-block-heading\">Warum Schwetzingen statt Mannheim?<\/h4>\n\n\n\n<p>W\u00e4hrend in den Vorjahren die Fahrraddemonstrationen f\u00fcr die rasche Realisierung von Radschnellwegen stets nach Mannheim f\u00fchrten und das Ziel jeweils war, \u00fcber die direkte Verbindung, die Autobahn A 656, zu fahren, hat das Aktionsb\u00fcndnis in diesem Jahr darauf verzichtet, auf dieser Strecke f\u00fcr die Demonstration zu bestehen. Grund ist die sehr hohe Belastung der Polizei durch die Fu\u00dfball-Europameisterschaft. Die Strecke h\u00e4tte durch ein privates Verkehrssicherungsunternehmen abgesichert werden m\u00fcssen, was mit betr\u00e4chtlichen Kosten verbunden w\u00e4re. Stattdessen geht es in diesem Jahr also \u00fcber die Schwetzinger Umgehungsstra\u00dfe und damit auch durch den Tunnel!<\/p>\n\n\n\n<h4 class=\"wp-block-heading\">Schwetzingen und Heidelberg: Einstmals in gerader Linie verbunden<\/h4>\n\n\n\n<p>Nicht nur zwischen Heidelberg und Mannheim, auch von Heidelberg nach Schwetzingen ist ein Radschnellweg geplant, der beide St\u00e4dte auf m\u00f6glichst direktem Wege verbinden soll. Eine solche Direttissima gab es bereits einmal: Die auf Gehei\u00df des Kurf\u00fcrsten Carl-Theodor angelegte Maulbeerallee f\u00fchrte quasi als Schnellweg zehn Kilometer vom Schwetzinger Schloss in gerader Linie nach Heidelberg. Soweit noch m\u00f6glich, orientierte sich die in den 90er Jahren markierte touristische \u201eKurpfalzroute\u201c (Heidelberg \u2013 Schwetzingen \u2013 Speyer) an dieser einstmaligen Direktverbindung.<\/p>\n\n\n\n<h4 class=\"wp-block-heading\">Nach dem Bau der B 535: Radverkehr auf Umwegen<\/h4>\n\n\n\n<p>Der Bau der B 535 (ohne begleitenden Radweg!) unterbrach die Strecke und f\u00fchrte dazu, dass die Radverbindung zwischen beiden St\u00e4dten heute einem Zickzackkurs gleicht. Mit dem Bau des Radschnellwegs RS 16 soll eine auch f\u00fcr Pendler attraktive Schnellverbindung Heidelberg \u2013 Schwetzingen geschaffen werden. Der ADFC spricht sich daf\u00fcr aus, sie auf der k\u00fcrzesten Trasse \u00fcber die ehemalige Maulbeerallee zu f\u00fchren.<\/p>\n\n\n\n<h4 class=\"wp-block-heading\">Dem Aktionsb\u00fcndnis geh\u00f6ren an:<\/h4>\n\n\n\n<p>ADFC, asta der Universit\u00e4t Mannheim, B\u00fcndnis 90 Die Gr\u00fcnen: Heidelberg, Bergstra\u00dfe, Odenwald-Kraichgau und Kurpfalz-Hardt, Die Linke Ortsverband Heidelberg, Gr\u00fcn-Alternative Liste Heidelberg, \u00d6kostadt Rhein-Neckar e.V., Rad-Entscheid Heidelberg, Radsportverein Heidelberg e.V., SPD Heidelberg und Rhein-Neckar, StudierendenRat der Universit\u00e4t Heidelberg.<\/p>\n\n\n\n<p>Quelle\/<em>Text: Beitrag des ADFC, Link:&nbsp;<a href=\"https:\/\/heidelberg.adfc.de\/neuigkeit\/auf-zu-sternfahrt-und-raddemo-1\">Auf zu Sternfahrt und Raddemo! Sonntag, 23. Juni \u2013 ADFC Heidelberg<\/a><\/em><\/p>\n\n\n\n<figure class=\"wp-block-image size-full\"><img loading=\"lazy\" decoding=\"async\" width=\"728\" height=\"1024\" src=\"https:\/\/lastenvelomannheim.de\/wp-content\/uploads\/2024\/06\/240611-RadDemo-2024-Schwetzingen-A3-1-728x1024-1.jpg\" alt=\"\" class=\"wp-image-7689\" srcset=\"https:\/\/lastenvelomannheim.de\/wp-content\/uploads\/2024\/06\/240611-RadDemo-2024-Schwetzingen-A3-1-728x1024-1.jpg 728w, https:\/\/lastenvelomannheim.de\/wp-content\/uploads\/2024\/06\/240611-RadDemo-2024-Schwetzingen-A3-1-728x1024-1-213x300.jpg 213w, https:\/\/lastenvelomannheim.de\/wp-content\/uploads\/2024\/06\/240611-RadDemo-2024-Schwetzingen-A3-1-728x1024-1-43x60.jpg 43w, https:\/\/lastenvelomannheim.de\/wp-content\/uploads\/2024\/06\/240611-RadDemo-2024-Schwetzingen-A3-1-728x1024-1-71x100.jpg 71w\" sizes=\"auto, (max-width: 728px) 100vw, 728px\" \/><\/figure>\n","protected":false},"excerpt":{"rendered":"<p>Unter dem Motto \u201eF\u00fcr mehr und sichere Radwege\u201c l\u00e4dt der ADFC Rhein-Neckar am Sonntag, 23. Juni 2024, zu einer Sternfahrt nach Heidelberg ein. Daran schlie\u00dft sich unter dem Motto \u201eRadschnellweg Rhein-Neckar heute\u201c eine Fahrraddemonstration \u00fcber die B 535 durch den Tunnel nach Schwetzingen an, die von einem breiten Aktionsb\u00fcndnis getragen wird. Lastenr\u00e4der von LaMa werden &hellip; <\/p>\n<p class=\"link-more\"><a href=\"https:\/\/lastenvelomannheim.de\/?p=7686\" class=\"more-link\"><span class=\"screen-reader-text\">\u201eRadsternfahrt nach Heidelberg und Raddemo Heidelberg &#8211; Schwetzingen am 23.6.\u201c <\/span>weiterlesen<\/a><\/p>\n","protected":false},"author":151,"featured_media":7687,"comment_status":"closed","ping_status":"open","sticky":false,"template":"","format":"standard","meta":{"footnotes":""},"categories":[1],"tags":[],"class_list":["post-7686","post","type-post","status-publish","format-standard","has-post-thumbnail","hentry","category-allgemein"],"_links":{"self":[{"href":"https:\/\/lastenvelomannheim.de\/index.php?rest_route=\/wp\/v2\/posts\/7686","targetHints":{"allow":["GET"]}}],"collection":[{"href":"https:\/\/lastenvelomannheim.de\/index.php?rest_route=\/wp\/v2\/posts"}],"about":[{"href":"https:\/\/lastenvelomannheim.de\/index.php?rest_route=\/wp\/v2\/types\/post"}],"author":[{"embeddable":true,"href":"https:\/\/lastenvelomannheim.de\/index.php?rest_route=\/wp\/v2\/users\/151"}],"replies":[{"embeddable":true,"href":"https:\/\/lastenvelomannheim.de\/index.php?rest_route=%2Fwp%2Fv2%2Fcomments&post=7686"}],"version-history":[{"count":2,"href":"https:\/\/lastenvelomannheim.de\/index.php?rest_route=\/wp\/v2\/posts\/7686\/revisions"}],"predecessor-version":[{"id":7690,"href":"https:\/\/lastenvelomannheim.de\/index.php?rest_route=\/wp\/v2\/posts\/7686\/revisions\/7690"}],"wp:featuredmedia":[{"embeddable":true,"href":"https:\/\/lastenvelomannheim.de\/index.php?rest_route=\/wp\/v2\/media\/7687"}],"wp:attachment":[{"href":"https:\/\/lastenvelomannheim.de\/index.php?rest_route=%2Fwp%2Fv2%2Fmedia&parent=7686"}],"wp:term":[{"taxonomy":"category","embeddable":true,"href":"https:\/\/lastenvelomannheim.de\/index.php?rest_route=%2Fwp%2Fv2%2Fcategories&post=7686"},{"taxonomy":"post_tag","embeddable":true,"href":"https:\/\/lastenvelomannheim.de\/index.php?rest_route=%2Fwp%2Fv2%2Ftags&post=7686"}],"curies":[{"name":"wp","href":"https:\/\/api.w.org\/{rel}","templated":true}]}}