{"id":6478,"date":"2024-03-09T18:22:24","date_gmt":"2024-03-09T17:22:24","guid":{"rendered":"https:\/\/lastenvelomannheim.de\/?p=6478"},"modified":"2024-06-14T09:04:41","modified_gmt":"2024-06-14T07:04:41","slug":"jungbusch-lama-01-vorerst-im-ruhestand-lang-lebe-das-e-lastenrad-hilde","status":"publish","type":"post","link":"https:\/\/lastenvelomannheim.de\/?p=6478","title":{"rendered":"Jungbusch: LaMa 01 im Ruhestand, nun ist die Elektro-Hilde dort"},"content":{"rendered":"\n<p>Unser altgedientes LaMa 01 hat viele Jahre durchgehalten, jedoch hat es jetzt einige Macken. Daher haben wir es vorerst ersetzt durch Hilde. Sie war auf der BUGA f\u00fcr die Mannheimer Kirchen im Einsatz und jetzt ist sie endlich f\u00fcr Euch da. Sie ist ein zweir\u00e4driges Lastenrad mit einen Korb vom Hersteller&nbsp;Yuba. Vielleicht kennt ihr dieses Rad schon, denn derselbe Typ steht in K\u00e4fertal-S\u00fcd. Sie hat einen kr\u00e4ftigen Motor und es k\u00f6nnen zwei Kinder (ca. 1,5 \u2013 6 Jahre) angeschnallt werden. <\/p>\n\n\n\n<p>Mit Hilde kommt Ihr dank Motor nun ohne zu schwitzen durch die Gegend! Der Akku reicht bis zu 100 Kilometern weit. Bevor Ihr das Rad zur\u00fcckgebt, ladet den Akku bitte so voll, wie es Euch m\u00f6glich ist. Damit helft ihr der Ausleihstation. Wir w\u00fcnschen Euch eine gute Fahrt mit Hilde!<\/p>\n\n\n\n<div class=\"cb-wrapper cb-shortcode-items template-shortcode-items post-post has-post-thumbnail\"><div class=\"cb-list-header\">\n\t<div class=\"cb-thumbnail\"><img loading=\"lazy\" decoding=\"async\" width=\"100\" height=\"44\" src=\"https:\/\/lastenvelomannheim.de\/wp-content\/uploads\/2023\/05\/Hilde-auf-der-Buga_web-100x44.jpg\" class=\"alignleft cb-image wp-post-image\" alt=\"\" \/><\/div>\t<div class=\"cb-list-info\">\n\t\t<h2><a href=\"https:\/\/lastenvelomannheim.de\/?cb_item=hilde\" class=\"cb-title cb-title-link\">#Hilde<\/a><\/h2>\n\t\tHilde ist ein zweir\u00e4driges Lastenrad, mit Frontloader von\u00a0Yuba vom Typ Supermarch\u00e9 mit elektrischer Untert\u00fctzung bis 25km\/h. Es k\u00f6nnen zwei Kinder (ca. 1,5 \u2013 6 Jahre) angeschnallt werden.\t\t\t<\/div>\n<\/div><!-- .cb-list-header -->\n\n<div class=\"cb-wrapper cb-timeframe-withlocation template-timeframe-withlocation post-post has-post-thumbnail\">\n\n\n\n<div class=\"cb-list-info\">\n\t<h4 class=\"cb-title cb-location-title\">\n\t\t<a href=\" https:\/\/lastenvelomannheim.de\/?cb_location=boulderhaus-mannheim \">\n\t\t\tBoulderhaus Mannheim (Franklin)\t\t<\/a>\n\t<\/h4>\n\t<div class=\"cb-dates cb-timeframe-dates\">\n\t\tHier verf\u00fcgbar bis 27. Juni 2026<br>\t<\/div>\n<\/div>\n<div class=\"cb-action\">\n\t<a href=\"https:\/\/lastenvelomannheim.de\/?cb_item=hilde&#038;cb-location=15683\" class=\"cb-button\">Artikel buchen<\/a>\n<\/div>\n<\/div><\/div>\n\n\n\n<div style=\"height:100px\" aria-hidden=\"true\" class=\"wp-block-spacer\"><\/div>\n\n\n\n<p><strong>Gro\u00dfes Lastenrad Karl in der Stadtbiliothek N1<\/strong><\/p>\n\n\n\n<p>Falls Ihr gr\u00f6\u00dferes und sperriges Zeug transportieren wollt, bucht einfach das Lastenrad Karl. Dieser hat eine gro\u00dfe Kiste und steht aktuell in der Stadtbibliothek in N1 :<\/p>\n\n\n\n<div class=\"cb-wrapper cb-shortcode-items template-shortcode-items post-post has-post-thumbnail\"><div class=\"cb-list-header\">\n\t<div class=\"cb-thumbnail\"><img loading=\"lazy\" decoding=\"async\" width=\"100\" height=\"56\" src=\"https:\/\/lastenvelomannheim.de\/wp-content\/uploads\/2019\/12\/lama4.jpg\" class=\"alignleft cb-image wp-post-image\" alt=\"\" \/><\/div>\t<div class=\"cb-list-info\">\n\t\t<h2><a href=\"https:\/\/lastenvelomannheim.de\/?cb_item=lama-x-nr-4-bald-startklar\" class=\"cb-title cb-title-link\">#Karl<\/a><\/h2>\n\t\tDas  LaMa \"Karl\" der Marke Christiania ist ein dreir\u00e4driges Lastenrad mit einer gro\u00dfen Kiste vorne. Es k\u00f6nnen zwei Kinder angeschnallt werden.\t\t\t\t\t<div class=\"cb-status cb-availability-status cb-status-not-available cb-notice-small\">Dieser Artikel ist derzeit nicht buchbar.<\/div>\n\t\t\t<\/div>\n<\/div><!-- .cb-list-header -->\n\n<\/div>\n\n\n\n<p><\/p>\n","protected":false},"excerpt":{"rendered":"<p>Unser altgedientes LaMa 01 hat viele Jahre durchgehalten, jedoch hat es jetzt einige Macken. Daher haben wir es vorerst ersetzt durch Hilde. Sie war auf der BUGA f\u00fcr die Mannheimer Kirchen im Einsatz und jetzt ist sie endlich f\u00fcr Euch da. Sie ist ein zweir\u00e4driges Lastenrad mit einen Korb vom Hersteller&nbsp;Yuba. Vielleicht kennt ihr dieses &hellip; <\/p>\n<p class=\"link-more\"><a href=\"https:\/\/lastenvelomannheim.de\/?p=6478\" class=\"more-link\"><span class=\"screen-reader-text\">\u201eJungbusch: LaMa 01 im Ruhestand, nun ist die Elektro-Hilde dort\u201c <\/span>weiterlesen<\/a><\/p>\n","protected":false},"author":151,"featured_media":4882,"comment_status":"closed","ping_status":"open","sticky":false,"template":"","format":"standard","meta":{"footnotes":""},"categories":[1],"tags":[],"class_list":["post-6478","post","type-post","status-publish","format-standard","has-post-thumbnail","hentry","category-allgemein"],"_links":{"self":[{"href":"https:\/\/lastenvelomannheim.de\/index.php?rest_route=\/wp\/v2\/posts\/6478","targetHints":{"allow":["GET"]}}],"collection":[{"href":"https:\/\/lastenvelomannheim.de\/index.php?rest_route=\/wp\/v2\/posts"}],"about":[{"href":"https:\/\/lastenvelomannheim.de\/index.php?rest_route=\/wp\/v2\/types\/post"}],"author":[{"embeddable":true,"href":"https:\/\/lastenvelomannheim.de\/index.php?rest_route=\/wp\/v2\/users\/151"}],"replies":[{"embeddable":true,"href":"https:\/\/lastenvelomannheim.de\/index.php?rest_route=%2Fwp%2Fv2%2Fcomments&post=6478"}],"version-history":[{"count":10,"href":"https:\/\/lastenvelomannheim.de\/index.php?rest_route=\/wp\/v2\/posts\/6478\/revisions"}],"predecessor-version":[{"id":7783,"href":"https:\/\/lastenvelomannheim.de\/index.php?rest_route=\/wp\/v2\/posts\/6478\/revisions\/7783"}],"wp:featuredmedia":[{"embeddable":true,"href":"https:\/\/lastenvelomannheim.de\/index.php?rest_route=\/wp\/v2\/media\/4882"}],"wp:attachment":[{"href":"https:\/\/lastenvelomannheim.de\/index.php?rest_route=%2Fwp%2Fv2%2Fmedia&parent=6478"}],"wp:term":[{"taxonomy":"category","embeddable":true,"href":"https:\/\/lastenvelomannheim.de\/index.php?rest_route=%2Fwp%2Fv2%2Fcategories&post=6478"},{"taxonomy":"post_tag","embeddable":true,"href":"https:\/\/lastenvelomannheim.de\/index.php?rest_route=%2Fwp%2Fv2%2Ftags&post=6478"}],"curies":[{"name":"wp","href":"https:\/\/api.w.org\/{rel}","templated":true}]}}