{"id":6344,"date":"2024-02-25T11:34:10","date_gmt":"2024-02-25T10:34:10","guid":{"rendered":"https:\/\/lastenvelomannheim.de\/?p=6344"},"modified":"2025-01-13T19:38:16","modified_gmt":"2025-01-13T18:38:16","slug":"fuenf-neue-lastenraeder-fuer-spinelli-wallstadt-neckarstadt-west-schwetzinger-stadt-und-neckarstadt-ost","status":"publish","type":"post","link":"https:\/\/lastenvelomannheim.de\/?p=6344","title":{"rendered":"Neue Lastenr\u00e4der f\u00fcr Spinelli, Wallstadt, Neuhermsheim, Schwetzingerstadt und Neckarstadt-Ost"},"content":{"rendered":"\n<p>In den letzten Monaten ist viel passiert. Dank der F\u00f6rderung durch den Beteiligungshaushalt 2022 freuen wir uns, dass die LaMa Flotte um vier neue R\u00e4der gewachsen ist. Alle R\u00e4der haben nat\u00fcrlich Kindersitze. Drei der neuen R\u00e4der haben eine Motorunterst\u00fctzung f\u00fcr ein einfaches radeln.<\/p>\n\n\n\n<p>Ihr habt die Wahl zwischen zwei leichten Muli Lastenr\u00e4dern mit Faltkorb in <strong>Wallstadt <\/strong>und in der <strong>Neckarstad Ost<\/strong>:<\/p>\n\n\n\n<div class=\"cb-wrapper cb-shortcode-items template-shortcode-items post-post has-post-thumbnail\"><div class=\"cb-list-header\">\n\t<div class=\"cb-thumbnail\"><img loading=\"lazy\" decoding=\"async\" width=\"100\" height=\"45\" src=\"https:\/\/lastenvelomannheim.de\/wp-content\/uploads\/2024\/01\/Maria-signal-2025-08-08-083326_1920_web-100x45.jpg\" class=\"alignleft cb-image wp-post-image\" alt=\"Das Muli Lastenrad Maria mit Motor\" \/><\/div>\t<div class=\"cb-list-info\">\n\t\t<h2><a href=\"https:\/\/lastenvelomannheim.de\/?cb_item=maria\" class=\"cb-title cb-title-link\">#Maria<\/a><\/h2>\n\t\tMaria hat zwei R\u00e4der und einen Klappkorb f\u00fcr den Kindertransport (ca. 1,5 \u2013 6 Jahre). Sie hat einen Motor und eine 5 Gang Schaltung.\t\t\t<\/div>\n<\/div><!-- .cb-list-header -->\n\n<div class=\"cb-wrapper cb-timeframe-withlocation template-timeframe-withlocation post-post has-post-thumbnail\">\n\n\n\n<div class=\"cb-list-info\">\n\t<h4 class=\"cb-title cb-location-title\">\n\t\t<a href=\" https:\/\/lastenvelomannheim.de\/?cb_location=markthaus-lebensmittel-wallstadt \">\n\t\t\tMarkthaus (Wallstadt)\t\t<\/a>\n\t<\/h4>\n\t<div class=\"cb-dates cb-timeframe-dates\">\n\t\tHier verf\u00fcgbar dauerhaft<br>\t<\/div>\n<\/div>\n<div class=\"cb-action\">\n\t<a href=\"https:\/\/lastenvelomannheim.de\/?cb_item=maria&#038;cb-location=6232\" class=\"cb-button\">Artikel buchen<\/a>\n<\/div>\n<\/div><\/div>\n\n\n\n<div class=\"cb-wrapper cb-shortcode-items template-shortcode-items post-post has-post-thumbnail\"><div class=\"cb-list-header\">\n\t<div class=\"cb-thumbnail\"><img loading=\"lazy\" decoding=\"async\" width=\"100\" height=\"75\" src=\"https:\/\/lastenvelomannheim.de\/wp-content\/uploads\/2023\/08\/20230804_163739-100x75.jpg\" class=\"alignleft cb-image wp-post-image\" alt=\"\" \/><\/div>\t<div class=\"cb-list-info\">\n\t\t<h2><a href=\"https:\/\/lastenvelomannheim.de\/?cb_item=mathilde\" class=\"cb-title cb-title-link\">#Mathilde<\/a><\/h2>\n\t\tMathilde hat zwei R\u00e4der und einen Klappkorb f\u00fcr den Kindertransport (ca. 1,5 \u2013 6 Jahre). Sie hat keinen Motor und eine 5 Gang Schaltung.\t\t\t\t\t<div class=\"cb-status cb-availability-status cb-status-not-available cb-notice-small\">Dieser Artikel ist derzeit nicht buchbar.<\/div>\n\t\t\t<\/div>\n<\/div><!-- .cb-list-header -->\n\n<\/div>\n\n\n\n<p><\/p>\n\n\n\n<p>Auf <strong>Spinelli <\/strong>findet ihr das Elektro-Lastenrad Helene im Wohnprojekt Oikos:<\/p>\n\n\n\n<div class=\"cb-wrapper cb-shortcode-items template-shortcode-items post-post has-post-thumbnail\"><div class=\"cb-list-header\">\n\t<div class=\"cb-thumbnail\"><img loading=\"lazy\" decoding=\"async\" width=\"100\" height=\"52\" src=\"https:\/\/lastenvelomannheim.de\/wp-content\/uploads\/2023\/12\/Helene-100x52.jpeg\" class=\"alignleft cb-image wp-post-image\" alt=\"\" \/><\/div>\t<div class=\"cb-list-info\">\n\t\t<h2><a href=\"https:\/\/lastenvelomannheim.de\/?cb_item=helene\" class=\"cb-title cb-title-link\">#Helene<\/a><\/h2>\n\t\tHelene ist ein zweir\u00e4driges Lastenrad, mit Frontloader von\u00a0Yuba vom Typ Supermarch\u00e9 mit elektrischer Unterst\u00fctzung bis 25km\/h. Es k\u00f6nnen zwei Kinder (ca. 1,5 \u2013 6 Jahre) angeschnallt werden.\t\t\t<\/div>\n<\/div><!-- .cb-list-header -->\n\n<div class=\"cb-wrapper cb-timeframe-withlocation template-timeframe-withlocation post-post has-post-thumbnail\">\n\n\n\n<div class=\"cb-list-info\">\n\t<h4 class=\"cb-title cb-location-title\">\n\t\t<a href=\" https:\/\/lastenvelomannheim.de\/?cb_location=apotheke-spinelli \">\n\t\t\tApotheke Spinelli\t\t<\/a>\n\t<\/h4>\n\t<div class=\"cb-dates cb-timeframe-dates\">\n\t\tHier verf\u00fcgbar bis 27. Juni 2026<br>\t<\/div>\n<\/div>\n<div class=\"cb-action\">\n\t<a href=\"https:\/\/lastenvelomannheim.de\/?cb_item=helene&#038;cb-location=7227\" class=\"cb-button\">Artikel buchen<\/a>\n<\/div>\n<\/div><\/div>\n\n\n\n<p><\/p>\n\n\n\n<p>In <strong>Neuhermsheim <\/strong>findet Ihr ein Lastenrad mit Motor:<br><br><div class=\"cb-wrapper cb-shortcode-items template-shortcode-items post-post has-post-thumbnail\"><div class=\"cb-list-header\">\n\t<div class=\"cb-thumbnail\"><img loading=\"lazy\" decoding=\"async\" width=\"100\" height=\"61\" src=\"https:\/\/lastenvelomannheim.de\/wp-content\/uploads\/2024\/01\/Bahman_gruenkern_2025-1600px-100x61.jpg\" class=\"alignleft cb-image wp-post-image\" alt=\"\" \/><\/div>\t<div class=\"cb-list-info\">\n\t\t<h2><a href=\"https:\/\/lastenvelomannheim.de\/?cb_item=bahman\" class=\"cb-title cb-title-link\">#Bahman<\/a><\/h2>\n\t\tBahman ist ein zweir\u00e4driges Lastenrad mit einem Vorderkorb vom Hersteller Bullit. Es hat keine Motorunterst\u00fctzung, Es k\u00f6nnen zwei Kinder (ca. 1,5 \u2013 6 Jahre) angeschnallt werden.\t\t\t<\/div>\n<\/div><!-- .cb-list-header -->\n\n<div class=\"cb-wrapper cb-timeframe-withlocation template-timeframe-withlocation post-post has-post-thumbnail\">\n\n\n\n<div class=\"cb-list-info\">\n\t<h4 class=\"cb-title cb-location-title\">\n\t\t<a href=\" https:\/\/lastenvelomannheim.de\/?cb_location=biria-bike-center-lindenhof \">\n\t\t\tBiria Bike Center (Lindenhof)\t\t<\/a>\n\t<\/h4>\n\t<div class=\"cb-dates cb-timeframe-dates\">\n\t\tHier verf\u00fcgbar dauerhaft<br>\t<\/div>\n<\/div>\n<div class=\"cb-action\">\n\t<a href=\"https:\/\/lastenvelomannheim.de\/?cb_item=bahman&#038;cb-location=14745\" class=\"cb-button\">Artikel buchen<\/a>\n<\/div>\n<\/div><\/div><br><br>Das beliebte Dreirad <a href=\"https:\/\/lastenvelomannheim.de\/wp-admin\/post.php?post=597&amp;action=edit\"><strong><mark style=\"background-color:rgba(0, 0, 0, 0)\" class=\"has-inline-color has-vivid-cyan-blue-color\">Karl<\/mark><\/strong><\/a> in der <strong>Schwetzingerstadt <\/strong>bei Priskas Unverpackt wurde gegen ein zweir\u00e4driges Elektrolastenrad getauscht. Es ist sehr beliebt, also bucht besser im Voraus.<\/p>\n\n\n\n<div class=\"cb-wrapper cb-shortcode-items template-shortcode-items post-post has-post-thumbnail\"><div class=\"cb-list-header\">\n\t<div class=\"cb-thumbnail\"><img loading=\"lazy\" decoding=\"async\" width=\"100\" height=\"69\" src=\"https:\/\/lastenvelomannheim.de\/wp-content\/uploads\/2024\/01\/LAMA-Ben-Vorab-100x69.jpg\" class=\"alignleft cb-image wp-post-image\" alt=\"\" \/><\/div>\t<div class=\"cb-list-info\">\n\t\t<h2><a href=\"https:\/\/lastenvelomannheim.de\/?cb_item=ben\" class=\"cb-title cb-title-link\">#Ben<\/a><\/h2>\n\t\tBen ist ein zweir\u00e4driges Lastenrad mit einem Vorderkorb vom Hersteller Bullit. Es hat eine kraftvolle Motorunterst\u00fctzung und es k\u00f6nnen zwei Kinder (ca. 1,5 \u2013 6 Jahre) angeschnallt werden.\t\t\t<\/div>\n<\/div><!-- .cb-list-header -->\n\n<div class=\"cb-wrapper cb-timeframe-withlocation template-timeframe-withlocation post-post has-post-thumbnail\">\n\n\n\n<div class=\"cb-list-info\">\n\t<h4 class=\"cb-title cb-location-title\">\n\t\t<a href=\" https:\/\/lastenvelomannheim.de\/?cb_location=priskas-unverpacktladen \">\n\t\t\tPriska's Unverpackt (Schwetzingerstadt)\t\t<\/a>\n\t<\/h4>\n\t<div class=\"cb-dates cb-timeframe-dates\">\n\t\tHier verf\u00fcgbar dauerhaft<br>\t<\/div>\n<\/div>\n<div class=\"cb-action\">\n\t<a href=\"https:\/\/lastenvelomannheim.de\/?cb_item=ben&#038;cb-location=3378\" class=\"cb-button\">Artikel buchen<\/a>\n<\/div>\n<\/div><\/div>\n\n\n\n<p>In den Stadtbezirken Sandhofen, Waldhof, Vogelstang und in Friedrichsfeld suchen wir noch Standorte:<\/p>\n\n\n\n<figure class=\"wp-block-embed is-type-wp-embed is-provider-lama-dein-lastenvelo-mannheim wp-block-embed-lama-dein-lastenvelo-mannheim\"><div class=\"wp-block-embed__wrapper\">\n<blockquote class=\"wp-embedded-content\" data-secret=\"hyQ37tyKM3\"><a href=\"https:\/\/lastenvelomannheim.de\/?p=4722\">Ein Lastenrad in Deinem Stadtbezirk &#8211; Standorte gesucht<\/a><\/blockquote><iframe loading=\"lazy\" class=\"wp-embedded-content\" sandbox=\"allow-scripts\" security=\"restricted\" style=\"position: absolute; visibility: hidden;\" title=\"&#8222;Ein Lastenrad in Deinem Stadtbezirk &#8211; Standorte gesucht&#8220; &#8212; LaMa - Dein Lastenvelo Mannheim\" src=\"https:\/\/lastenvelomannheim.de\/?p=4722&#038;embed=true#?secret=1Y2Lw6pMjj#?secret=hyQ37tyKM3\" data-secret=\"hyQ37tyKM3\" width=\"525\" height=\"296\" frameborder=\"0\" marginwidth=\"0\" marginheight=\"0\" scrolling=\"no\"><\/iframe>\n<\/div><\/figure>\n\n\n\n<p><\/p>\n","protected":false},"excerpt":{"rendered":"<p>In den letzten Monaten ist viel passiert. Dank der F\u00f6rderung durch den Beteiligungshaushalt 2022 freuen wir uns, dass die LaMa Flotte um vier neue R\u00e4der gewachsen ist. Alle R\u00e4der haben nat\u00fcrlich Kindersitze. Drei der neuen R\u00e4der haben eine Motorunterst\u00fctzung f\u00fcr ein einfaches radeln. Ihr habt die Wahl zwischen zwei leichten Muli Lastenr\u00e4dern mit Faltkorb in &hellip; <\/p>\n<p class=\"link-more\"><a href=\"https:\/\/lastenvelomannheim.de\/?p=6344\" class=\"more-link\"><span class=\"screen-reader-text\">\u201eNeue Lastenr\u00e4der f\u00fcr Spinelli, Wallstadt, Neuhermsheim, Schwetzingerstadt und Neckarstadt-Ost\u201c <\/span>weiterlesen<\/a><\/p>\n","protected":false},"author":151,"featured_media":6180,"comment_status":"closed","ping_status":"open","sticky":false,"template":"","format":"standard","meta":{"footnotes":""},"categories":[1],"tags":[],"class_list":["post-6344","post","type-post","status-publish","format-standard","has-post-thumbnail","hentry","category-allgemein"],"_links":{"self":[{"href":"https:\/\/lastenvelomannheim.de\/index.php?rest_route=\/wp\/v2\/posts\/6344","targetHints":{"allow":["GET"]}}],"collection":[{"href":"https:\/\/lastenvelomannheim.de\/index.php?rest_route=\/wp\/v2\/posts"}],"about":[{"href":"https:\/\/lastenvelomannheim.de\/index.php?rest_route=\/wp\/v2\/types\/post"}],"author":[{"embeddable":true,"href":"https:\/\/lastenvelomannheim.de\/index.php?rest_route=\/wp\/v2\/users\/151"}],"replies":[{"embeddable":true,"href":"https:\/\/lastenvelomannheim.de\/index.php?rest_route=%2Fwp%2Fv2%2Fcomments&post=6344"}],"version-history":[{"count":17,"href":"https:\/\/lastenvelomannheim.de\/index.php?rest_route=\/wp\/v2\/posts\/6344\/revisions"}],"predecessor-version":[{"id":10541,"href":"https:\/\/lastenvelomannheim.de\/index.php?rest_route=\/wp\/v2\/posts\/6344\/revisions\/10541"}],"wp:featuredmedia":[{"embeddable":true,"href":"https:\/\/lastenvelomannheim.de\/index.php?rest_route=\/wp\/v2\/media\/6180"}],"wp:attachment":[{"href":"https:\/\/lastenvelomannheim.de\/index.php?rest_route=%2Fwp%2Fv2%2Fmedia&parent=6344"}],"wp:term":[{"taxonomy":"category","embeddable":true,"href":"https:\/\/lastenvelomannheim.de\/index.php?rest_route=%2Fwp%2Fv2%2Fcategories&post=6344"},{"taxonomy":"post_tag","embeddable":true,"href":"https:\/\/lastenvelomannheim.de\/index.php?rest_route=%2Fwp%2Fv2%2Ftags&post=6344"}],"curies":[{"name":"wp","href":"https:\/\/api.w.org\/{rel}","templated":true}]}}