{"id":5579,"date":"2023-09-08T17:45:41","date_gmt":"2023-09-08T15:45:41","guid":{"rendered":"https:\/\/lastenvelomannheim.de\/?p=5579"},"modified":"2023-09-08T17:45:41","modified_gmt":"2023-09-08T15:45:41","slug":"parking-day-2023-am-16-9-erstmals-im-jungbusch","status":"publish","type":"post","link":"https:\/\/lastenvelomannheim.de\/?p=5579","title":{"rendered":"PARKing Day 2023 am 16.9. erstmals im Jungbusch"},"content":{"rendered":"\n<p id=\"viewer-foo\">Am <strong>Samstag, den 16. September <\/strong>findet wieder der internationale Kampagnentag PARKing Day in Mannheim statt. Auch LaMa macht mit, ihr k\u00f6nnt <strong>Lastenr\u00e4der probefahren<\/strong> und uns kennenlernen.<\/p>\n\n\n\n<p id=\"viewer-foo\">Dieser Tag steht unter dem Motto &#8220;Freiraum statt Parkraum\u201c, wir verwandeln Parkpl\u00e4tze in kleine PARKs und Aktionsst\u00e4tten. Dieses Jahr wird erstmals die Jungbuschstra\u00dfe im Stadtteil Jungbusch bespielt. F\u00fcr die Lange R\u00f6tterstra\u00dfe \u2013 dem Ort des PARKing Day der letzten beiden Jahre \u2013 ist eine Umgestaltung zu einem sogenannten \u201everkehrsberuhigten Gesch\u00e4ftsbereich\u201c geplant.<\/p>\n\n\n\n<p id=\"viewer-flja0\">Das Thema Verkehr und Parken ist auch bei Anwohnenden im Jungbusch hei\u00df diskutiert. Der PARKing Day m\u00f6chte dort zeigen, wie das Leben in dem Viertel mit weniger Parkpl\u00e4tzen f\u00fcr Autos und weniger (Auto-)verkehr sein k\u00f6nnte. <\/p>\n\n\n\n<p><strong>Wann? 16.9, von 11 bis 18 Uhr <\/strong><\/p>\n\n\n\n<p><strong>Wo?: Jungbuschstra\u00dfe<\/strong><\/p>\n\n\n\n<p id=\"viewer-1corp\">Dieses Jahr sind dabei: Parents for Future, Klimaschutzagentur, Stadtraumservice Mannheim, Surfrider Foundation, Start with a friend, Junge Diakonie, Gr\u00fcne Jugend, Citygemeinde Hafen-Konkordien und weitere. Das Programm reicht von Spielangeboten f\u00fcr Kinder, \u00fcber Wurmkisten, bis zu angebotenen Yogakursen.<\/p>\n\n\n\n<p id=\"viewer-2k7vu\">F\u00fcr einen Tag werden so die vorhandenen Parkpl\u00e4tze in Freir\u00e4ume f\u00fcr Menschen umgewandelt. Hiermit soll auf die Platzverschwendung durch Parkpl\u00e4tze und den Fl\u00e4chenverbrauch durch den Individualverkehr im urbanen Raum aufmerksam gemacht werden und die Vision einer menschengerechten Stadt gezeigt werden. <\/p>\n\n\n\n<p id=\"viewer-6d850\">Weitere Informationen zum PARKing Day Mannheim gibt es unter <a rel=\"noreferrer noopener\" href=\"http:\/\/parkingday-mannheim.de\/\" target=\"_blank\">http:\/\/parkingday-mannheim.de<\/a>.<\/p>\n","protected":false},"excerpt":{"rendered":"<p>Am Samstag, den 16. September findet wieder der internationale Kampagnentag PARKing Day in Mannheim statt. Auch LaMa macht mit, ihr k\u00f6nnt Lastenr\u00e4der probefahren und uns kennenlernen. Dieser Tag steht unter dem Motto &#8220;Freiraum statt Parkraum\u201c, wir verwandeln Parkpl\u00e4tze in kleine PARKs und Aktionsst\u00e4tten. Dieses Jahr wird erstmals die Jungbuschstra\u00dfe im Stadtteil Jungbusch bespielt. F\u00fcr die &hellip; <\/p>\n<p class=\"link-more\"><a href=\"https:\/\/lastenvelomannheim.de\/?p=5579\" class=\"more-link\"><span class=\"screen-reader-text\">\u201ePARKing Day 2023 am 16.9. erstmals im Jungbusch\u201c <\/span>weiterlesen<\/a><\/p>\n","protected":false},"author":151,"featured_media":5580,"comment_status":"closed","ping_status":"open","sticky":false,"template":"","format":"standard","meta":{"footnotes":""},"categories":[1],"tags":[],"class_list":["post-5579","post","type-post","status-publish","format-standard","has-post-thumbnail","hentry","category-allgemein"],"_links":{"self":[{"href":"https:\/\/lastenvelomannheim.de\/index.php?rest_route=\/wp\/v2\/posts\/5579","targetHints":{"allow":["GET"]}}],"collection":[{"href":"https:\/\/lastenvelomannheim.de\/index.php?rest_route=\/wp\/v2\/posts"}],"about":[{"href":"https:\/\/lastenvelomannheim.de\/index.php?rest_route=\/wp\/v2\/types\/post"}],"author":[{"embeddable":true,"href":"https:\/\/lastenvelomannheim.de\/index.php?rest_route=\/wp\/v2\/users\/151"}],"replies":[{"embeddable":true,"href":"https:\/\/lastenvelomannheim.de\/index.php?rest_route=%2Fwp%2Fv2%2Fcomments&post=5579"}],"version-history":[{"count":2,"href":"https:\/\/lastenvelomannheim.de\/index.php?rest_route=\/wp\/v2\/posts\/5579\/revisions"}],"predecessor-version":[{"id":5582,"href":"https:\/\/lastenvelomannheim.de\/index.php?rest_route=\/wp\/v2\/posts\/5579\/revisions\/5582"}],"wp:featuredmedia":[{"embeddable":true,"href":"https:\/\/lastenvelomannheim.de\/index.php?rest_route=\/wp\/v2\/media\/5580"}],"wp:attachment":[{"href":"https:\/\/lastenvelomannheim.de\/index.php?rest_route=%2Fwp%2Fv2%2Fmedia&parent=5579"}],"wp:term":[{"taxonomy":"category","embeddable":true,"href":"https:\/\/lastenvelomannheim.de\/index.php?rest_route=%2Fwp%2Fv2%2Fcategories&post=5579"},{"taxonomy":"post_tag","embeddable":true,"href":"https:\/\/lastenvelomannheim.de\/index.php?rest_route=%2Fwp%2Fv2%2Ftags&post=5579"}],"curies":[{"name":"wp","href":"https:\/\/api.w.org\/{rel}","templated":true}]}}