{"id":5494,"date":"2023-08-17T19:40:02","date_gmt":"2023-08-17T17:40:02","guid":{"rendered":"https:\/\/lastenvelomannheim.de\/?p=5494"},"modified":"2024-02-25T10:44:57","modified_gmt":"2024-02-25T09:44:57","slug":"rheinau-jungbusch-neue-lamas-mit-faltkorb-ausleihbar","status":"publish","type":"post","link":"https:\/\/lastenvelomannheim.de\/?p=5494","title":{"rendered":"Rheinau-S\u00fcd: neues LaMa Marianne mit Faltkorb"},"content":{"rendered":"\n<p>Das Lama schl\u00e4gt Purzelb\u00e4ume, denn mit <a href=\"https:\/\/lastenvelomannheim.de\/?cb_item=marianne\"><strong><mark style=\"background-color:rgba(0, 0, 0, 0)\" class=\"has-inline-color has-vivid-cyan-blue-color\">Marianne <\/mark><\/strong><\/a>ist jetzt endlich ein neues Lastenrad am Start. Es kommt vom Hersteller Muli und hat einen <strong>faltbaren Vorderkorb<\/strong>. Damit kannst du es \u00fcberall abstellen und trotzdem passen aufgeklappt 2 Kinder in den Korb. Marianne hat keine Motorunterst\u00fctzung, ist aber  ein Leichtgewicht, kurz und sehr wendig. <\/p>\n\n\n\n<p><strong><a href=\"https:\/\/lastenvelomannheim.de\/?cb_item=marianne\"><mark><mark style=\"background-color:rgba(0, 0, 0, 0)\" class=\"has-inline-color has-vivid-cyan-blue-color\">Marianne<\/mark> <\/mark><\/a><\/strong>steht direkt an der Martinskirche in Rheinau-S\u00fcd. Das Rad ist ein Gemeinschaftsprojekt der Siedlergemeinschaft Rheinau, der Fahrradwerkstatt f\u00fcr Gefl\u00fcchtete und der Kirchengemeinde. <\/p>\n\n\n\n<p>Wir haben ganz frisch ein zweites Muli Lastenrad erhalten. Auch dieses wurde zu 100% gef\u00f6rdert von der Stadt Mannheim \u00fcber den Beteiligungshaushalt. Es hei\u00dft <a href=\"https:\/\/lastenvelomannheim.de\/?cb_item=mathilde\"><strong><mark style=\"background-color:rgba(0, 0, 0, 0)\" class=\"has-inline-color has-vivid-cyan-blue-color\">Mathilde <\/mark><\/strong><\/a>und steht derzeit in der Neckarstadt Ost beim <a href=\"https:\/\/lastenvelomannheim.de\/?cb_item=mathilde\"><strong><mark style=\"background-color:rgba(0, 0, 0, 0)\" class=\"has-inline-color has-vivid-cyan-blue-color\">Radhof<\/mark><\/strong><\/a>. <\/p>\n\n\n\n<h2 class=\"wp-block-heading\">Standorte f\u00fcr LaMas gesucht!<\/h2>\n\n\n\n<p>Wir haben 4 weitere Lastenr\u00e4der bestellt und diese suchen ein Zuhause. Hast du Lust auf auf Lastenrad bei dir oder in Deiner N\u00e4he? <a href=\"https:\/\/lastenvelomannheim.de\/?p=4722\" data-type=\"post\" data-id=\"4722\">Hier gibts mehr Infos, wie das geht<\/a>: <\/p>\n\n\n\n<figure class=\"wp-block-embed is-type-wp-embed is-provider-lama-dein-lastenvelo-mannheim wp-block-embed-lama-dein-lastenvelo-mannheim\"><div class=\"wp-block-embed__wrapper\">\n<blockquote class=\"wp-embedded-content\" data-secret=\"4xfBCtP9Ov\"><a href=\"https:\/\/lastenvelomannheim.de\/?p=4722\">Ein Lastenrad in Deinem Stadtbezirk &#8211; Standorte gesucht<\/a><\/blockquote><iframe loading=\"lazy\" class=\"wp-embedded-content\" sandbox=\"allow-scripts\" security=\"restricted\" style=\"position: absolute; visibility: hidden;\" title=\"&#8222;Ein Lastenrad in Deinem Stadtbezirk &#8211; Standorte gesucht&#8220; &#8212; LaMa - Dein Lastenvelo Mannheim\" src=\"https:\/\/lastenvelomannheim.de\/?p=4722&#038;embed=true#?secret=3k0TXWyzZq#?secret=4xfBCtP9Ov\" data-secret=\"4xfBCtP9Ov\" width=\"525\" height=\"296\" frameborder=\"0\" marginwidth=\"0\" marginheight=\"0\" scrolling=\"no\"><\/iframe>\n<\/div><\/figure>\n","protected":false},"excerpt":{"rendered":"<p>Das Lama schl\u00e4gt Purzelb\u00e4ume, denn mit Marianne ist jetzt endlich ein neues Lastenrad am Start. Es kommt vom Hersteller Muli und hat einen faltbaren Vorderkorb. Damit kannst du es \u00fcberall abstellen und trotzdem passen aufgeklappt 2 Kinder in den Korb. Marianne hat keine Motorunterst\u00fctzung, ist aber ein Leichtgewicht, kurz und sehr wendig. Marianne steht direkt &hellip; <\/p>\n<p class=\"link-more\"><a href=\"https:\/\/lastenvelomannheim.de\/?p=5494\" class=\"more-link\"><span class=\"screen-reader-text\">\u201eRheinau-S\u00fcd: neues LaMa Marianne mit Faltkorb\u201c <\/span>weiterlesen<\/a><\/p>\n","protected":false},"author":151,"featured_media":5419,"comment_status":"closed","ping_status":"open","sticky":false,"template":"","format":"standard","meta":{"footnotes":""},"categories":[1],"tags":[],"class_list":["post-5494","post","type-post","status-publish","format-standard","has-post-thumbnail","hentry","category-allgemein"],"_links":{"self":[{"href":"https:\/\/lastenvelomannheim.de\/index.php?rest_route=\/wp\/v2\/posts\/5494","targetHints":{"allow":["GET"]}}],"collection":[{"href":"https:\/\/lastenvelomannheim.de\/index.php?rest_route=\/wp\/v2\/posts"}],"about":[{"href":"https:\/\/lastenvelomannheim.de\/index.php?rest_route=\/wp\/v2\/types\/post"}],"author":[{"embeddable":true,"href":"https:\/\/lastenvelomannheim.de\/index.php?rest_route=\/wp\/v2\/users\/151"}],"replies":[{"embeddable":true,"href":"https:\/\/lastenvelomannheim.de\/index.php?rest_route=%2Fwp%2Fv2%2Fcomments&post=5494"}],"version-history":[{"count":9,"href":"https:\/\/lastenvelomannheim.de\/index.php?rest_route=\/wp\/v2\/posts\/5494\/revisions"}],"predecessor-version":[{"id":6346,"href":"https:\/\/lastenvelomannheim.de\/index.php?rest_route=\/wp\/v2\/posts\/5494\/revisions\/6346"}],"wp:featuredmedia":[{"embeddable":true,"href":"https:\/\/lastenvelomannheim.de\/index.php?rest_route=\/wp\/v2\/media\/5419"}],"wp:attachment":[{"href":"https:\/\/lastenvelomannheim.de\/index.php?rest_route=%2Fwp%2Fv2%2Fmedia&parent=5494"}],"wp:term":[{"taxonomy":"category","embeddable":true,"href":"https:\/\/lastenvelomannheim.de\/index.php?rest_route=%2Fwp%2Fv2%2Fcategories&post=5494"},{"taxonomy":"post_tag","embeddable":true,"href":"https:\/\/lastenvelomannheim.de\/index.php?rest_route=%2Fwp%2Fv2%2Ftags&post=5494"}],"curies":[{"name":"wp","href":"https:\/\/api.w.org\/{rel}","templated":true}]}}