{"id":4722,"date":"2025-10-20T17:58:00","date_gmt":"2025-10-20T15:58:00","guid":{"rendered":"https:\/\/lastenvelomannheim.de\/?p=4722"},"modified":"2025-12-20T17:18:49","modified_gmt":"2025-12-20T16:18:49","slug":"unterstuetzerinnen-gesucht-fuer-ein-lastenrad-in-deinem-bezirk","status":"publish","type":"post","link":"https:\/\/lastenvelomannheim.de\/?p=4722","title":{"rendered":"Ein Lastenrad in Deinem Stadtbezirk &#8211; Standorte gesucht"},"content":{"rendered":"\n<p><\/p>\n\n\n\n<p><\/p>\n\n\n\n<p>LaMa verleiht seit 2017 Lastenr\u00e4der auf Spendenbasis. Im Jahr 2022 haben wir den <a href=\"https:\/\/www.mannheim.de\/de\/stadt-gestalten\/buergerbeteiligung\/beteiligungshaushalt-2022\"><strong><mark style=\"background-color:rgba(0, 0, 0, 0)\" class=\"has-inline-color has-vivid-cyan-blue-color\">Beteiligungshaushalt Mannheim<\/mark><\/strong><\/a> gewonnen und nutzten das Preisgeld f\u00fcr den Kauf von Lastenr\u00e4dern, denn jeder Stadtbezirk in Mannheim soll ein kostenloses Lastenvelo erhalten. 4 neue Stadtbezirke haben zwischen 2023 bis Mitte 2024 bereits Lastenr\u00e4der bekommen. Aktuell suchen wir noch Standorte:<\/p>\n\n\n\n<div style=\"height:20px\" aria-hidden=\"true\" class=\"wp-block-spacer\"><\/div>\n\n\n\n<h2 class=\"wp-block-heading\" id=\"Karte\"><\/h2>\n\n\n\n<style>\n\t#hotspot-4750 .hotspots-image-container,\n\t#hotspot-4750 .leaflet-container {\n\t\tbackground: #ffffff\t}\n\n\t#hotspot-4750 .hotspots-placeholder {\n\t\tbackground: #ffffff;\n\t\tborder: 0 #ffffff solid;\n\t\tcolor: #000000;\n\t}\n\n\t#hotspot-4750 .hotspot-title {\n\t\tcolor: #000000;\n\t}\n\n\t\t\t#hotspot-4750 .hotspot-default {\n\t\t\tstroke-width: 2;\n\t\t\tfill: #ffffff;\n\t\t\tfill-opacity: 0;\n\t\t\tstroke: #ffffff;\n\t\t\tstroke-opacity: 0;\n\t\t}\n\t\t#hotspot-4750 .hotspot-default:hover,\n\t\t#hotspot-4750 .hotspot-default:focus-visible,\n\t\t#hotspot-4750 .hotspot-default.hotspot-active {\n\t\t\tfill: #3CA2A2;\n\t\t\tfill-opacity: 0.71;\n\t\t\tstroke: #235B6E;\n\t\t\tstroke-opacity: 1.01;\n\t\t}\n\t\t#hotspot-4750 .leaflet-tooltip,\n\t#hotspot-4750 .leaflet-rrose-content-wrapper {\n\t\tbackground: #ffffff;\n\t\tborder-color: #ffffff;\n\t\tcolor: #000000;\n\t}\n\n\t#hotspot-4750 a.leaflet-rrose-close-button {\n\t\tcolor: #000000;\n\t}\n\n\t#hotspot-4750 .leaflet-rrose-tip {\n\t\tbackground: #ffffff;\n\t}\n\n\t#hotspot-4750 .leaflet-popup-scrolled {\n\t\tborder-bottom-color: #000000;\n\t\tborder-top-color: #000000;\n\t}\n\n\t#hotspot-4750 .leaflet-tooltip-top:before {\n\t\tborder-top-color: #ffffff;\n\t}\n\n\t#hotspot-4750 .leaflet-tooltip-bottom:before {\n\t\tborder-bottom-color: #ffffff;\n\t}\n\t#hotspot-4750 .leaflet-tooltip-left:before {\n\t\tborder-left-color: #ffffff;\n\t}\n\t#hotspot-4750 .leaflet-tooltip-right:before {\n\t\tborder-right-color: #ffffff;\n\t}\n<\/style>\n\n\t\n\t<div class=\"hotspots-container  layout-left event-click\" id=\"hotspot-4750\" data-layout=\"left\" data-trigger=\"click\">\n\t\t<div class=\"hotspots-interaction\">\n\t\t\t\t<div class=\"hotspots-placeholder\" id=\"content-hotspot-4750\">\n\t\t<div class=\"hotspot-initial\">\n\t\t\t\t\t\t\t\t\t<div class=\"hotspot-content\">\n\t\t\t\t\t\t\t\t\t<p>Klicke auf einen Stadtbezirk f\u00fcr mehr Informationen.<\/p>\n\t\t\t\t\t\t\t<\/div>\n\t\t<\/div>\n\t<\/div>\n<div class=\"hotspots-image-container\">\n\t<img\n\t\twidth=\"600\"\n\t\theight=\"911\"\n\t\tsrc=\"https:\/\/lastenvelomannheim.de\/wp-content\/uploads\/2024\/06\/LaMa-Karte-Webseite-2023-12.png\"\n\t\talt=\"\"\n\t\tclass=\"hotspots-image skip-lazy\"\n\t\tusemap=\"#hotspots-image-4750\"\n\t\tdata-image-title=\"\"\n\t\tdata-image-description=\"Klicke auf einen Stadtbezirk f\u00fcr mehr Informationen.\"\n\t\tdata-event-trigger=\"click\"\n\t\tdata-always-visible=\"false\"\n\t\tdata-id=\"4750\"\n\t\tdata-no-lazy=\"1\"\n\t\tdata-lazy-src=\"\"\n\t\tdata-lazy=\"false\"\n\t\tloading=\"eager\"\n\t\tdata-skip-lazy=\"1\"\n\t\t>\n<\/div>\t\t<\/div>\n\t\t<map name=\"hotspots-image-4750\" class=\"hotspots-map\">\n\t\t\t\t\t\t\t\t\t\t\t<area\n\t\t\t\t\tshape=\"polygon\"\n\t\t\t\t\tcoords=\"457,499,468,495,478,493,487,494,495,490,500,492,502,488,524,482,518,470,540,456,548,453,566,445,551,416,555,413,548,407,553,400,561,395,553,388,554,363,531,354,521,350,520,356,515,352,502,362,480,355,482,410,463,412,413,444,409,443,403,462,412,476,422,486,432,493,445,497\"\n\t\t\t\t\thref=\"#hotspot-hotspot-4750-0\"\n\t\t\t\t\trel=\"\"\n\t\t\t\t\ttitle=\"Wallstadt\"\n\t\t\t\t\talt=\"Wallstadt\"\n\t\t\t\t\tdata-action=\"\"\n\t\t\t\t\tdata-color-scheme=\"\"\n\t\t\t\t\ttarget=\"\"\n\t\t\t\t\tclass=\"more-info-area\"\n\t\t\t\t\t>\n\t\t\t\t\t\t\t\t\t\t\t<area\n\t\t\t\t\tshape=\"polygon\"\n\t\t\t\t\tcoords=\"342,182,166,189,165,245,212,284,180,304,145,288,94,278,46,256,33,227,16,184,20,144,28,123,47,66,45,42,82,39,96,42,103,16,125,10,153,11,177,14,202,35,215,39,210,57,232,72,233,88,275,95\"\n\t\t\t\t\thref=\"#hotspot-hotspot-4750-1\"\n\t\t\t\t\trel=\"\"\n\t\t\t\t\ttitle=\"Sandhofen\"\n\t\t\t\t\talt=\"Sandhofen\"\n\t\t\t\t\tdata-action=\"\"\n\t\t\t\t\tdata-color-scheme=\"\"\n\t\t\t\t\ttarget=\"\"\n\t\t\t\t\tclass=\"more-info-area\"\n\t\t\t\t\t>\n\t\t\t\t\t\t\t\t\t\t\t<area\n\t\t\t\t\tshape=\"polygon\"\n\t\t\t\t\tcoords=\"164,190,234,189,233,300,214,288,205,281,198,272,178,257,164,244\"\n\t\t\t\t\thref=\"#hotspot-hotspot-4750-2\"\n\t\t\t\t\trel=\"\"\n\t\t\t\t\ttitle=\"Sch\u00f6nau\"\n\t\t\t\t\talt=\"Sch\u00f6nau\"\n\t\t\t\t\tdata-action=\"\"\n\t\t\t\t\tdata-color-scheme=\"\"\n\t\t\t\t\ttarget=\"\"\n\t\t\t\t\tclass=\"more-info-area\"\n\t\t\t\t\t>\n\t\t\t\t\t\t\t\t\t\t\t<area\n\t\t\t\t\tshape=\"polygon\"\n\t\t\t\t\tcoords=\"233,188,344,184,370,217,359,303,322,302,320,310,291,343,276,380,291,383,268,398,277,411,260,401,248,396,239,392,232,390,231,397,225,393,210,399,203,399,201,390,209,379,202,371,195,347,189,325,182,310,178,304,208,286,233,300\"\n\t\t\t\t\thref=\"#hotspot-hotspot-4750-3\"\n\t\t\t\t\trel=\"\"\n\t\t\t\t\ttitle=\"Waldhof\"\n\t\t\t\t\talt=\"Waldhof\"\n\t\t\t\t\tdata-action=\"\"\n\t\t\t\t\tdata-color-scheme=\"\"\n\t\t\t\t\ttarget=\"\"\n\t\t\t\t\tclass=\"more-info-area\"\n\t\t\t\t\t>\n\t\t\t\t\t\t\t\t\t\t\t<area\n\t\t\t\t\tshape=\"polygon\"\n\t\t\t\t\tcoords=\"308,468,300,450,293,430,281,416,272,404,268,398,290,385,291,382,276,381,280,368,285,357,289,348,294,339,300,332,306,326,313,319,317,313,321,307,322,302,359,303,370,217,391,276,424,318,443,331,451,336,466,348,421,373,400,385,387,392,365,408,372,411,377,418,383,422,389,425,393,441,396,450,400,460,402,463,393,462,345,449,324,465,318,466,315,466\"\n\t\t\t\t\thref=\"#hotspot-hotspot-4750-4\"\n\t\t\t\t\trel=\"\"\n\t\t\t\t\ttitle=\"K\u00e4fertal\"\n\t\t\t\t\talt=\"K\u00e4fertal\"\n\t\t\t\t\tdata-action=\"\"\n\t\t\t\t\tdata-color-scheme=\"\"\n\t\t\t\t\ttarget=\"\"\n\t\t\t\t\tclass=\"more-info-area\"\n\t\t\t\t\t>\n\t\t\t\t\t\t\t\t\t\t\t<area\n\t\t\t\t\tshape=\"polygon\"\n\t\t\t\t\tcoords=\"364,409,379,396,465,349,480,354,480,411,462,413,450,421,444,423,427,434,416,440,412,445,409,443,404,457,405,462,402,463,394,444,392,434,389,425,380,421,373,412\"\n\t\t\t\t\thref=\"#hotspot-hotspot-4750-5\"\n\t\t\t\t\trel=\"\"\n\t\t\t\t\ttitle=\"Vogelstang\"\n\t\t\t\t\talt=\"Vogelstang\"\n\t\t\t\t\tdata-action=\"\"\n\t\t\t\t\tdata-color-scheme=\"\"\n\t\t\t\t\ttarget=\"\"\n\t\t\t\t\tclass=\"more-info-area\"\n\t\t\t\t\t>\n\t\t\t\t\t\t\t\t\t\t\t<area\n\t\t\t\t\tshape=\"polygon\"\n\t\t\t\t\tcoords=\"46,253,82,275,101,283,128,286,149,291,163,296,177,306,189,319,191,327,192,335,195,344,196,354,199,364,203,375,209,378,201,388,197,401,192,423,195,446,199,467,205,472,199,484,181,474,163,464,143,450,128,438,112,422,100,410,91,397,85,399\"\n\t\t\t\t\thref=\"#hotspot-hotspot-4750-6\"\n\t\t\t\t\trel=\"\"\n\t\t\t\t\ttitle=\"Neckarstadt-West\"\n\t\t\t\t\talt=\"Neckarstadt-West\"\n\t\t\t\t\tdata-action=\"\"\n\t\t\t\t\tdata-color-scheme=\"\"\n\t\t\t\t\ttarget=\"\"\n\t\t\t\t\tclass=\"more-info-area\"\n\t\t\t\t\t>\n\t\t\t\t\t\t\t\t\t\t\t<area\n\t\t\t\t\tshape=\"polygon\"\n\t\t\t\t\tcoords=\"199,483,206,471,200,469,193,434,192,425,198,391,201,387,202,391,201,399,211,399,224,393,230,396,233,390,264,403,277,411,294,430,304,457,310,478,321,506,322,513,321,521,317,532,314,536,206,486\"\n\t\t\t\t\thref=\"#hotspot-hotspot-4750-7\"\n\t\t\t\t\trel=\"\"\n\t\t\t\t\ttitle=\"Neckarstadt-Ost\"\n\t\t\t\t\talt=\"Neckarstadt-Ost\"\n\t\t\t\t\tdata-action=\"\"\n\t\t\t\t\tdata-color-scheme=\"\"\n\t\t\t\t\ttarget=\"\"\n\t\t\t\t\tclass=\"more-info-area\"\n\t\t\t\t\t>\n\t\t\t\t\t\t\t\t\t\t\t<area\n\t\t\t\t\tshape=\"polygon\"\n\t\t\t\t\tcoords=\"84,400,91,398,106,417,131,441,155,458,180,473,198,484,196,488,205,495,208,500,211,510,211,520,207,530,193,552,189,551,185,554,175,547,164,542,158,542,154,544,149,548,141,537,133,527,122,516,116,508,107,494,101,476,97,446,94,435,89,420,86,410\"\n\t\t\t\t\thref=\"#hotspot-hotspot-4750-8\"\n\t\t\t\t\trel=\"\"\n\t\t\t\t\ttitle=\"Innenstadt\/Jungbusch\"\n\t\t\t\t\talt=\"Innenstadt\/Jungbusch\"\n\t\t\t\t\tdata-action=\"\"\n\t\t\t\t\tdata-color-scheme=\"\"\n\t\t\t\t\ttarget=\"\"\n\t\t\t\t\tclass=\"more-info-area\"\n\t\t\t\t\t>\n\t\t\t\t\t\t\t\t\t\t\t<area\n\t\t\t\t\tshape=\"polygon\"\n\t\t\t\t\tcoords=\"257,605,237,595,185,554,188,551,191,552,209,526,211,520,212,509,209,502,206,496,199,490,196,487,198,483,314,535,291,587,286,597,275,604,266,606\"\n\t\t\t\t\thref=\"#hotspot-hotspot-4750-9\"\n\t\t\t\t\trel=\"\"\n\t\t\t\t\ttitle=\"Schwetzinger Vorstadt\/Oststadt\"\n\t\t\t\t\talt=\"Schwetzinger Vorstadt\/Oststadt\"\n\t\t\t\t\tdata-action=\"\"\n\t\t\t\t\tdata-color-scheme=\"\"\n\t\t\t\t\ttarget=\"\"\n\t\t\t\t\tclass=\"more-info-area\"\n\t\t\t\t\t>\n\t\t\t\t\t\t\t\t\t\t\t<area\n\t\t\t\t\tshape=\"polygon\"\n\t\t\t\t\tcoords=\"308,469,315,466,322,466,345,449,399,464,402,462,409,473,418,483,426,489,435,494,447,497,456,501,448,516,439,533,433,544,429,558,426,568,405,571,398,572,389,571,380,566,365,560,353,554,338,547,327,540,315,536,320,524,322,516,322,509,314,487\"\n\t\t\t\t\thref=\"#hotspot-hotspot-4750-10\"\n\t\t\t\t\trel=\"\"\n\t\t\t\t\ttitle=\"Feudenheim\"\n\t\t\t\t\talt=\"Feudenheim\"\n\t\t\t\t\tdata-action=\"\"\n\t\t\t\t\tdata-color-scheme=\"\"\n\t\t\t\t\ttarget=\"\"\n\t\t\t\t\tclass=\"more-info-area\"\n\t\t\t\t\t>\n\t\t\t\t\t\t\t\t\t\t\t<area\n\t\t\t\t\tshape=\"polygon\"\n\t\t\t\t\tcoords=\"148,547,156,542,162,542,168,543,172,545,237,595,236,608,223,618,211,626,207,627,190,627,189,635,190,639,188,644,182,659,168,652,176,635,175,627,162,626,167,619,170,611,172,603,170,590,162,572\"\n\t\t\t\t\thref=\"#hotspot-hotspot-4750-11\"\n\t\t\t\t\trel=\"\"\n\t\t\t\t\ttitle=\"Lindenhof\"\n\t\t\t\t\talt=\"Lindenhof\"\n\t\t\t\t\tdata-action=\"\"\n\t\t\t\t\tdata-color-scheme=\"\"\n\t\t\t\t\ttarget=\"\"\n\t\t\t\t\tclass=\"more-info-area\"\n\t\t\t\t\t>\n\t\t\t\t\t\t\t\t\t\t\t<area\n\t\t\t\t\tshape=\"polygon\"\n\t\t\t\t\tcoords=\"161,626,176,626,176,634,168,651,181,657,190,638,189,634,189,627,207,627,222,620,233,611,236,607,237,595,257,606,284,627,304,642,325,652,323,659,321,668,322,679,324,690,300,723,303,735,298,738,295,737,292,741,280,735,272,734,254,729,242,729,222,730,213,730,192,731,176,731,159,731,144,729,127,722,119,717,108,706,102,692,100,678,106,658,118,645,132,639,148,634\"\n\t\t\t\t\thref=\"#hotspot-hotspot-4750-12\"\n\t\t\t\t\trel=\"\"\n\t\t\t\t\ttitle=\"Neckarau\"\n\t\t\t\t\talt=\"Neckarau\"\n\t\t\t\t\tdata-action=\"\"\n\t\t\t\t\tdata-color-scheme=\"\"\n\t\t\t\t\ttarget=\"\"\n\t\t\t\t\tclass=\"more-info-area\"\n\t\t\t\t\t>\n\t\t\t\t\t\t\t\t\t\t\t<area\n\t\t\t\t\tshape=\"polygon\"\n\t\t\t\t\tcoords=\"325,652,476,735,475,755,473,777,468,787,464,800,453,816,441,834,437,849,438,861,432,860,433,870,427,870,425,864,415,868,424,886,393,886,379,895,372,887,363,889,365,860,358,855,349,867,338,867,323,880,312,882,296,890,286,890,278,890,283,865,293,836,305,810,313,788,309,763,301,749,291,740,297,738,303,731,300,722,316,702,326,691,322,675,321,665\"\n\t\t\t\t\thref=\"#hotspot-hotspot-4750-13\"\n\t\t\t\t\trel=\"\"\n\t\t\t\t\ttitle=\"Rheinau\"\n\t\t\t\t\talt=\"Rheinau\"\n\t\t\t\t\tdata-action=\"\"\n\t\t\t\t\tdata-color-scheme=\"\"\n\t\t\t\t\ttarget=\"\"\n\t\t\t\t\tclass=\"more-info-area\"\n\t\t\t\t\t>\n\t\t\t\t\t\t\t\t\t\t\t<area\n\t\t\t\t\tshape=\"polygon\"\n\t\t\t\t\tcoords=\"484,686,526,711,553,667,566,671,536,722,541,725,545,727,547,731,547,736,552,735,552,743,558,743,566,784,550,805,555,809,551,815,542,817,532,823,519,831,521,841,520,857,521,869,497,863,497,857,438,860,435,850,440,835,459,809,465,801,470,786,474,781,477,739,479,733,477,726,478,694\"\n\t\t\t\t\thref=\"#hotspot-hotspot-4750-14\"\n\t\t\t\t\trel=\"\"\n\t\t\t\t\ttitle=\"Friedrichfeld\"\n\t\t\t\t\talt=\"Friedrichfeld\"\n\t\t\t\t\tdata-action=\"\"\n\t\t\t\t\tdata-color-scheme=\"\"\n\t\t\t\t\ttarget=\"\"\n\t\t\t\t\tclass=\"more-info-area\"\n\t\t\t\t\t>\n\t\t\t\t\t\t\t\t\t\t\t<area\n\t\t\t\t\tshape=\"polygon\"\n\t\t\t\t\tcoords=\"325,652,347,614,413,644,412,629,420,599,427,567,402,571,392,571,379,566,314,536,290,589,282,601,269,606,255,605,295,635\"\n\t\t\t\t\thref=\"#hotspot-hotspot-4750-15\"\n\t\t\t\t\trel=\"\"\n\t\t\t\t\ttitle=\"Neuostheim\/Neuhermsheim\"\n\t\t\t\t\talt=\"Neuostheim\/Neuhermsheim\"\n\t\t\t\t\tdata-action=\"\"\n\t\t\t\t\tdata-color-scheme=\"\"\n\t\t\t\t\ttarget=\"\"\n\t\t\t\t\tclass=\"more-info-area\"\n\t\t\t\t\t>\n\t\t\t\t\t\t\t\t\t\t\t<area\n\t\t\t\t\tshape=\"polygon\"\n\t\t\t\t\tcoords=\"478,737,479,732,474,726,477,695,483,686,526,711,553,667,563,673,574,655,565,654,558,650,551,654,542,657,533,655,526,652,514,642,506,637,508,632,504,630,499,619,491,603,485,591,478,582,472,575,460,568,450,567,436,567,427,568,424,583,420,598,416,616,414,630,414,646,346,615,326,652,413,703,461,727\"\n\t\t\t\t\thref=\"#hotspot-hotspot-4750-16\"\n\t\t\t\t\trel=\"\"\n\t\t\t\t\ttitle=\"Seckenheim\"\n\t\t\t\t\talt=\"Seckenheim\"\n\t\t\t\t\tdata-action=\"\"\n\t\t\t\t\tdata-color-scheme=\"\"\n\t\t\t\t\ttarget=\"\"\n\t\t\t\t\tclass=\"more-info-area\"\n\t\t\t\t\t>\n\t\t\t\t\t<\/map>\n\n\t\t\n\t\t\t\t\t\n\t\t\t\t\t\t<div class=\"hotspot-info \" id=\"hotspot-hotspot-4750-0\">\n\t\t\t\t\n\t\t\t\t<h2 class=\"hotspot-title\">Wallstadt<\/h2>\t\t\t\t\t\t\t\t\t<div class=\"hotspot-thumb\">\n\t\t\t\t\t\t<img loading=\"lazy\" decoding=\"async\" width=\"525\" height=\"229\" src=\"https:\/\/lastenvelomannheim.de\/wp-content\/uploads\/2024\/01\/IMG_5364-1024x447.jpg\" class=\"attachment-large size-large\" alt=\"\" srcset=\"https:\/\/lastenvelomannheim.de\/wp-content\/uploads\/2024\/01\/IMG_5364-1024x447.jpg 1024w, https:\/\/lastenvelomannheim.de\/wp-content\/uploads\/2024\/01\/IMG_5364-300x131.jpg 300w, https:\/\/lastenvelomannheim.de\/wp-content\/uploads\/2024\/01\/IMG_5364-768x335.jpg 768w, https:\/\/lastenvelomannheim.de\/wp-content\/uploads\/2024\/01\/IMG_5364-1536x670.jpg 1536w, https:\/\/lastenvelomannheim.de\/wp-content\/uploads\/2024\/01\/IMG_5364-2048x893.jpg 2048w, https:\/\/lastenvelomannheim.de\/wp-content\/uploads\/2024\/01\/IMG_5364-60x26.jpg 60w, https:\/\/lastenvelomannheim.de\/wp-content\/uploads\/2024\/01\/IMG_5364-100x44.jpg 100w\" sizes=\"auto, 100vw\" \/>\t\t\t\t\t<\/div>\n\t\t\t\t\t\t\t\t<div class=\"hotspot-content\">\n\t\t\t\t\t<p><strong>Lastenrad:<br \/>\n<\/strong>#Maria --&gt;<a href=\"https:\/\/lastenvelomannheim.de\/?cb_item=maria\"> Zur Buchung<\/a><\/p>\n<p><strong>Standort<\/strong>:<br \/>\nMarkthaus Lebensmittel<\/p>\n<p><strong>Radbetreuer:<\/strong><br \/>\nwurde gefunden<\/p>\n<p><strong>Unterst\u00fctzer:<\/strong><br \/>\n3 Unterst\u00fctzer<\/p>\n\t\t\t\t<\/div>\n\t\t\t<\/div>\n\t\t\t\t\t\n\t\t\t\t\t\t<div class=\"hotspot-info \" id=\"hotspot-hotspot-4750-1\">\n\t\t\t\t\n\t\t\t\t<h2 class=\"hotspot-title\">Sandhofen<\/h2>\t\t\t\t\t\t\t\t<div class=\"hotspot-content\">\n\t\t\t\t\t<p><strong>Standort<\/strong>:<br \/>\nAlte Apotheke (in Planung)<\/p>\n<p><strong>Radbetreuer:<\/strong><br \/>\noffen<\/p>\n<p><strong>Unterst\u00fctzer:<\/strong><br \/>\naktuell 0 Unterst\u00fctzer<\/p>\n\t\t\t\t<\/div>\n\t\t\t<\/div>\n\t\t\t\t\t\n\t\t\t\t\t\t<div class=\"hotspot-info \" id=\"hotspot-hotspot-4750-2\">\n\t\t\t\t\n\t\t\t\t<h2 class=\"hotspot-title\">Sch\u00f6nau<\/h2>\t\t\t\t\t\t\t\t\t<div class=\"hotspot-thumb\">\n\t\t\t\t\t\t<img loading=\"lazy\" decoding=\"async\" width=\"525\" height=\"286\" src=\"https:\/\/lastenvelomannheim.de\/wp-content\/uploads\/2021\/08\/IMG_7527-Webseite-1024x557.jpg\" class=\"attachment-large size-large\" alt=\"Lastenrad Eddy - Sch\u00f6nau\" srcset=\"https:\/\/lastenvelomannheim.de\/wp-content\/uploads\/2021\/08\/IMG_7527-Webseite-1024x557.jpg 1024w, https:\/\/lastenvelomannheim.de\/wp-content\/uploads\/2021\/08\/IMG_7527-Webseite-300x163.jpg 300w, https:\/\/lastenvelomannheim.de\/wp-content\/uploads\/2021\/08\/IMG_7527-Webseite-768x418.jpg 768w, https:\/\/lastenvelomannheim.de\/wp-content\/uploads\/2021\/08\/IMG_7527-Webseite-1536x836.jpg 1536w, https:\/\/lastenvelomannheim.de\/wp-content\/uploads\/2021\/08\/IMG_7527-Webseite-2048x1115.jpg 2048w, https:\/\/lastenvelomannheim.de\/wp-content\/uploads\/2021\/08\/IMG_7527-Webseite-60x33.jpg 60w, https:\/\/lastenvelomannheim.de\/wp-content\/uploads\/2021\/08\/IMG_7527-Webseite-100x54.jpg 100w\" sizes=\"auto, 100vw\" \/>\t\t\t\t\t<\/div>\n\t\t\t\t\t\t\t\t<div class=\"hotspot-content\">\n\t\t\t\t\t<p><b>Fahrrad:<br \/>\n<\/b>Eddy --&gt; <a href=\"https:\/\/lastenvelomannheim.de\/?cb_item=rudi\">Zur Buchung<\/a><br \/>\n<strong>Standort<\/strong>:<\/p>\n<h4 class=\"cb-title cb-location-title\" style=\"padding-top: 0px;padding-bottom: var(--commonsbooking-spacer);color: var(--commonsbooking-color-primary);font-size: 1.125rem;background-color: #f6f6f6;margin-bottom: 0px !important\"><a style=\"background-color: transparent;color: var(--commonsbooking-color-primary)\" href=\"https:\/\/lastenvelomannheim.de\/?cb_location=vorraussichtlicher-standort-lamano10\">Butteralm am Bunker (Sch\u00f6nau)<\/a><\/h4>\n<div class=\"cb-address cb-location-address\" style=\"background-color: #f6f6f6\">Haderslebener Str. 3, 68307 Mannheim<\/div>\n<p><strong>Radbetreuer:<\/strong><br \/>\nRoland<\/p>\n\t\t\t\t<\/div>\n\t\t\t<\/div>\n\t\t\t\t\t\n\t\t\t\t\t\t<div class=\"hotspot-info \" id=\"hotspot-hotspot-4750-3\">\n\t\t\t\t\n\t\t\t\t<h2 class=\"hotspot-title\">Waldhof<\/h2>\t\t\t\t\t\t\t\t<div class=\"hotspot-content\">\n\t\t\t\t\t<p><strong>Lastenrad:<\/strong><br \/>\noffen<\/p>\n<p><strong>Standort<\/strong>:<br \/>\nnoch f\u00fcr weitere Ideen offen<\/p>\n<p><strong>Radbetreuer:<\/strong><br \/>\nist bereits gefunden<\/p>\n<p><strong>Unterst\u00fctzer: <\/strong>1<\/p>\n\t\t\t\t<\/div>\n\t\t\t<\/div>\n\t\t\t\t\t\n\t\t\t\t\t\t<div class=\"hotspot-info \" id=\"hotspot-hotspot-4750-4\">\n\t\t\t\t\n\t\t\t\t<h2 class=\"hotspot-title\">K\u00e4fertal<\/h2>\t\t\t\t\t\t\t\t\t<div class=\"hotspot-thumb\">\n\t\t\t\t\t\t<img loading=\"lazy\" decoding=\"async\" width=\"525\" height=\"349\" src=\"https:\/\/lastenvelomannheim.de\/wp-content\/uploads\/2021\/06\/Tillie_Lama-67047-1024x681.jpg\" class=\"attachment-large size-large\" alt=\"\" srcset=\"https:\/\/lastenvelomannheim.de\/wp-content\/uploads\/2021\/06\/Tillie_Lama-67047-1024x681.jpg 1024w, https:\/\/lastenvelomannheim.de\/wp-content\/uploads\/2021\/06\/Tillie_Lama-67047-300x200.jpg 300w, https:\/\/lastenvelomannheim.de\/wp-content\/uploads\/2021\/06\/Tillie_Lama-67047-768x511.jpg 768w, https:\/\/lastenvelomannheim.de\/wp-content\/uploads\/2021\/06\/Tillie_Lama-67047-1536x1022.jpg 1536w, https:\/\/lastenvelomannheim.de\/wp-content\/uploads\/2021\/06\/Tillie_Lama-67047-2048x1363.jpg 2048w\" sizes=\"auto, 100vw\" \/>\t\t\t\t\t<\/div>\n\t\t\t\t\t\t\t\t<div class=\"hotspot-content\">\n\t\t\t\t\t<p><strong>Lastenrad:<\/strong><br \/>\nTillie --&gt; <a href=\"https:\/\/lastenvelomannheim.de\/?cb_item=comming-soon-das-fuenfte\">Zur Buchung<\/a><\/p>\n<p style=\"color: #000000\"><span style=\"font-weight: bold\">Standort<\/span>:<br \/>\nderzeit offen<br \/>\nKann aber \u00fcber Schl\u00fcsselsave gebucht werden<\/p>\n<p style=\"color: #000000\"><span style=\"font-weight: bold\">Radbetreuer:<\/span><br \/>\nWolfgang Moritz<\/p>\n\t\t\t\t<\/div>\n\t\t\t<\/div>\n\t\t\t\t\t\n\t\t\t\t\t\t<div class=\"hotspot-info \" id=\"hotspot-hotspot-4750-5\">\n\t\t\t\t\n\t\t\t\t<h2 class=\"hotspot-title\">Vogelstang<\/h2>\t\t\t\t\t\t\t\t<div class=\"hotspot-content\">\n\t\t\t\t\t<p style=\"color: #000000\"><span style=\"font-weight: bold\">Standort<\/span>: noch offen f\u00fcr Ideen<\/p>\n<p style=\"color: #000000\"><span style=\"font-weight: bold\">Radbetreuer:<\/span><br \/>\noffen<\/p>\n<p style=\"color: #000000\"><span style=\"font-weight: bold\">Unterst\u00fctzer:<\/span><br \/>\naktuell 1 Unterst\u00fctzer<\/p>\n\t\t\t\t<\/div>\n\t\t\t<\/div>\n\t\t\t\t\t\n\t\t\t\t\t\t<div class=\"hotspot-info \" id=\"hotspot-hotspot-4750-6\">\n\t\t\t\t\n\t\t\t\t<h2 class=\"hotspot-title\">Neckarstadt-West<\/h2>\t\t\t\t\t\t\t\t\t<div class=\"hotspot-thumb\">\n\t\t\t\t\t\t<img loading=\"lazy\" decoding=\"async\" width=\"525\" height=\"364\" src=\"https:\/\/lastenvelomannheim.de\/wp-content\/uploads\/2024\/01\/LAMA-Ben-Vorab.jpg\" class=\"attachment-large size-large\" alt=\"\" srcset=\"https:\/\/lastenvelomannheim.de\/wp-content\/uploads\/2024\/01\/LAMA-Ben-Vorab.jpg 817w, https:\/\/lastenvelomannheim.de\/wp-content\/uploads\/2024\/01\/LAMA-Ben-Vorab-300x208.jpg 300w, https:\/\/lastenvelomannheim.de\/wp-content\/uploads\/2024\/01\/LAMA-Ben-Vorab-768x533.jpg 768w, https:\/\/lastenvelomannheim.de\/wp-content\/uploads\/2024\/01\/LAMA-Ben-Vorab-60x42.jpg 60w, https:\/\/lastenvelomannheim.de\/wp-content\/uploads\/2024\/01\/LAMA-Ben-Vorab-100x69.jpg 100w\" sizes=\"auto, 100vw\" \/>\t\t\t\t\t<\/div>\n\t\t\t\t\t\t\t\t<div class=\"hotspot-content\">\n\t\t\t\t\t<p style=\"color: #000000\"><span style=\"font-weight: bold\">Lastenfahrrad:<br \/>\n<\/span><a href=\"https:\/\/lastenvelomannheim.de\/?cb_item=bjarne\"><span style=\"text-decoration: underline\">#Bjarne<\/span><\/a><\/p>\n<p style=\"color: #000000\"><span style=\"font-weight: bold\">Standort<\/span>:<br \/>\nFahrradwerkstatt Riedfeldstra\u00dfe \/ Ecke Zehntstra\u00dfe<\/p>\n<p style=\"color: #000000\"><span style=\"font-weight: bold\">Radbetreuer:<\/span><br \/>\nFabian<\/p>\n<p style=\"color: #000000\"><span style=\"font-weight: bold\">Unterst\u00fctzer:<\/span><br \/>\naktuell 0 Unterst\u00fctzer<\/p>\n\t\t\t\t<\/div>\n\t\t\t<\/div>\n\t\t\t\t\t\n\t\t\t\t\t\t<div class=\"hotspot-info \" id=\"hotspot-hotspot-4750-7\">\n\t\t\t\t\n\t\t\t\t<h2 class=\"hotspot-title\">Neckarstadt-Ost<\/h2>\t\t\t\t\t\t\t\t\t<div class=\"hotspot-thumb\">\n\t\t\t\t\t\t<img loading=\"lazy\" decoding=\"async\" width=\"525\" height=\"394\" src=\"https:\/\/lastenvelomannheim.de\/wp-content\/uploads\/2023\/08\/20230804_163739-1024x768.jpg\" class=\"attachment-large size-large\" alt=\"\" srcset=\"https:\/\/lastenvelomannheim.de\/wp-content\/uploads\/2023\/08\/20230804_163739-1024x768.jpg 1024w, https:\/\/lastenvelomannheim.de\/wp-content\/uploads\/2023\/08\/20230804_163739-300x225.jpg 300w, https:\/\/lastenvelomannheim.de\/wp-content\/uploads\/2023\/08\/20230804_163739-768x576.jpg 768w, https:\/\/lastenvelomannheim.de\/wp-content\/uploads\/2023\/08\/20230804_163739-1536x1152.jpg 1536w, https:\/\/lastenvelomannheim.de\/wp-content\/uploads\/2023\/08\/20230804_163739-60x45.jpg 60w, https:\/\/lastenvelomannheim.de\/wp-content\/uploads\/2023\/08\/20230804_163739-100x75.jpg 100w, https:\/\/lastenvelomannheim.de\/wp-content\/uploads\/2023\/08\/20230804_163739.jpg 2000w\" sizes=\"auto, 100vw\" \/>\t\t\t\t\t<\/div>\n\t\t\t\t\t\t\t\t<div class=\"hotspot-content\">\n\t\t\t\t\t<p style=\"color: #000000\"><span style=\"font-weight: bold\">Lastenrad:<br \/>\n<\/span>Mathilde --&gt; <a href=\"https:\/\/lastenvelomannheim.de\/?cb_item=mathilde\">Zur Buchung<\/a><\/p>\n<p style=\"color: #000000\"><span style=\"font-weight: bold\">Standort<\/span>:<br \/>\nRadhof Neckarstadt<\/p>\n<p style=\"color: #000000\"><span style=\"font-weight: bold\">Radbetreuer:<\/span><br \/>\nMarkus<\/p>\n<p style=\"color: #000000\"><span style=\"font-weight: bold\">Unterst\u00fctzer:<\/span><br \/>\naktuell 0 Unterst\u00fctzer<\/p>\n\t\t\t\t<\/div>\n\t\t\t<\/div>\n\t\t\t\t\t\n\t\t\t\t\t\t<div class=\"hotspot-info \" id=\"hotspot-hotspot-4750-8\">\n\t\t\t\t\n\t\t\t\t<h2 class=\"hotspot-title\">Innenstadt\/Jungbusch<\/h2>\t\t\t\t\t\t\t\t\t<div class=\"hotspot-thumb\">\n\t\t\t\t\t\t<img loading=\"lazy\" decoding=\"async\" width=\"525\" height=\"229\" src=\"https:\/\/lastenvelomannheim.de\/wp-content\/uploads\/2023\/05\/Hilde-auf-der-Buga_web.jpg\" class=\"attachment-large size-large\" alt=\"\" srcset=\"https:\/\/lastenvelomannheim.de\/wp-content\/uploads\/2023\/05\/Hilde-auf-der-Buga_web.jpg 1000w, https:\/\/lastenvelomannheim.de\/wp-content\/uploads\/2023\/05\/Hilde-auf-der-Buga_web-300x131.jpg 300w, https:\/\/lastenvelomannheim.de\/wp-content\/uploads\/2023\/05\/Hilde-auf-der-Buga_web-768x335.jpg 768w, https:\/\/lastenvelomannheim.de\/wp-content\/uploads\/2023\/05\/Hilde-auf-der-Buga_web-60x26.jpg 60w, https:\/\/lastenvelomannheim.de\/wp-content\/uploads\/2023\/05\/Hilde-auf-der-Buga_web-100x44.jpg 100w\" sizes=\"auto, 100vw\" \/>\t\t\t\t\t<\/div>\n\t\t\t\t\t\t\t\t<div class=\"hotspot-content\">\n\t\t\t\t\t<p><strong>Fahrrad:<\/strong><br \/>\n<a href=\"https:\/\/lastenvelomannheim.de\/?cb_item=hilde\">Hilde<\/a><\/p>\n<p><strong>Standort:<\/strong><br \/>\nTischlerei Robin Kruso<\/p>\n<p><strong>Radbetreuer:<\/strong><br \/>\nMatthias<\/p>\n\t\t\t\t<\/div>\n\t\t\t<\/div>\n\t\t\t\t\t\n\t\t\t\t\t\t<div class=\"hotspot-info \" id=\"hotspot-hotspot-4750-9\">\n\t\t\t\t\n\t\t\t\t<h2 class=\"hotspot-title\">Schwetzinger Vorstadt\/Oststadt<\/h2>\t\t\t\t\t\t\t\t\t<div class=\"hotspot-thumb\">\n\t\t\t\t\t\t<img loading=\"lazy\" decoding=\"async\" width=\"525\" height=\"364\" src=\"https:\/\/lastenvelomannheim.de\/wp-content\/uploads\/2024\/01\/LAMA-Ben-Vorab.jpg\" class=\"attachment-large size-large\" alt=\"\" srcset=\"https:\/\/lastenvelomannheim.de\/wp-content\/uploads\/2024\/01\/LAMA-Ben-Vorab.jpg 817w, https:\/\/lastenvelomannheim.de\/wp-content\/uploads\/2024\/01\/LAMA-Ben-Vorab-300x208.jpg 300w, https:\/\/lastenvelomannheim.de\/wp-content\/uploads\/2024\/01\/LAMA-Ben-Vorab-768x533.jpg 768w, https:\/\/lastenvelomannheim.de\/wp-content\/uploads\/2024\/01\/LAMA-Ben-Vorab-60x42.jpg 60w, https:\/\/lastenvelomannheim.de\/wp-content\/uploads\/2024\/01\/LAMA-Ben-Vorab-100x69.jpg 100w\" sizes=\"auto, 100vw\" \/>\t\t\t\t\t<\/div>\n\t\t\t\t\t\t\t\t<div class=\"hotspot-content\">\n\t\t\t\t\t<p><strong>Lastenrad:<\/strong><br \/>\n#Ben --&gt; <a href=\"https:\/\/lastenvelomannheim.de\/?cb_item=ben\">Zur Buchung<\/a><\/p>\n<p><strong>Standort<\/strong>:<br \/>\nPriskas Unverpackt<\/p>\n<p><strong>Radbetreuer:<\/strong><br \/>\nPatrick Hammel<\/p>\n<p><strong>Unterst\u00fctzer:<\/strong><\/p>\n<p><strong>\u00a0<\/strong>2 Unterst\u00fctzer bereits gefunden<strong><br \/>\n<\/strong><\/p>\n\t\t\t\t<\/div>\n\t\t\t<\/div>\n\t\t\t\t\t\n\t\t\t\t\t\t<div class=\"hotspot-info \" id=\"hotspot-hotspot-4750-10\">\n\t\t\t\t\n\t\t\t\t<h2 class=\"hotspot-title\">Feudenheim<\/h2>\t\t\t\t\t\t\t\t\t<div class=\"hotspot-thumb\">\n\t\t\t\t\t\t<img loading=\"lazy\" decoding=\"async\" width=\"525\" height=\"296\" src=\"https:\/\/lastenvelomannheim.de\/wp-content\/uploads\/2022\/05\/FM64348_webseite.jpg\" class=\"attachment-large size-large\" alt=\"\" srcset=\"https:\/\/lastenvelomannheim.de\/wp-content\/uploads\/2022\/05\/FM64348_webseite.jpg 1000w, https:\/\/lastenvelomannheim.de\/wp-content\/uploads\/2022\/05\/FM64348_webseite-300x169.jpg 300w, https:\/\/lastenvelomannheim.de\/wp-content\/uploads\/2022\/05\/FM64348_webseite-768x432.jpg 768w, https:\/\/lastenvelomannheim.de\/wp-content\/uploads\/2022\/05\/FM64348_webseite-60x34.jpg 60w, https:\/\/lastenvelomannheim.de\/wp-content\/uploads\/2022\/05\/FM64348_webseite-100x56.jpg 100w\" sizes=\"auto, 100vw\" \/>\t\t\t\t\t<\/div>\n\t\t\t\t\t\t\t\t<div class=\"hotspot-content\">\n\t\t\t\t\t<p><strong>Fahrrad:<\/strong><br \/>\n#Rudi --&gt; <a href=\"https:\/\/lastenvelomannheim.de\/?cb_item=lama-no10-comming-soon\">Zur Buchung<\/a><\/p>\n<p><strong>Standort:<\/strong><br \/>\nConnys Schatzkiste<\/p>\n<p><strong>Fahrradbetreuer:<\/strong><br \/>\nHorst<\/p>\n\t\t\t\t<\/div>\n\t\t\t<\/div>\n\t\t\t\t\t\n\t\t\t\t\t\t<div class=\"hotspot-info \" id=\"hotspot-hotspot-4750-11\">\n\t\t\t\t\n\t\t\t\t<h2 class=\"hotspot-title\">Lindenhof<\/h2>\t\t\t\t\t\t\t\t<div class=\"hotspot-content\">\n\t\t\t\t\t<p style=\"color: #000000\"><span style=\"font-weight: bold\">Standort<\/span>:<br \/>\nGr\u00fcnkern unverpackt (in Planung)<\/p>\n<p style=\"color: #000000\"><span style=\"font-weight: bold\">Radbetreuer:<\/span><br \/>\noffen<\/p>\n<p style=\"color: #000000\"><span style=\"font-weight: bold\">Unterst\u00fctzer:<\/span><br \/>\naktuell 0 Unterst\u00fctzer<\/p>\n\t\t\t\t<\/div>\n\t\t\t<\/div>\n\t\t\t\t\t\n\t\t\t\t\t\t<div class=\"hotspot-info \" id=\"hotspot-hotspot-4750-12\">\n\t\t\t\t\n\t\t\t\t<h2 class=\"hotspot-title\">Neckarau<\/h2>\t\t\t\t\t\t\t\t\t<div class=\"hotspot-thumb\">\n\t\t\t\t\t\t<img loading=\"lazy\" decoding=\"async\" width=\"525\" height=\"295\" src=\"https:\/\/lastenvelomannheim.de\/wp-content\/uploads\/2019\/09\/LeckaLaMa_beklebt-1024x576.jpg\" class=\"attachment-large size-large\" alt=\"\" srcset=\"https:\/\/lastenvelomannheim.de\/wp-content\/uploads\/2019\/09\/LeckaLaMa_beklebt-1024x576.jpg 1024w, https:\/\/lastenvelomannheim.de\/wp-content\/uploads\/2019\/09\/LeckaLaMa_beklebt-300x169.jpg 300w, https:\/\/lastenvelomannheim.de\/wp-content\/uploads\/2019\/09\/LeckaLaMa_beklebt-768x432.jpg 768w, https:\/\/lastenvelomannheim.de\/wp-content\/uploads\/2019\/09\/LeckaLaMa_beklebt.jpg 1280w\" sizes=\"auto, 100vw\" \/>\t\t\t\t\t<\/div>\n\t\t\t\t\t\t\t\t<div class=\"hotspot-content\">\n\t\t\t\t\t<p><strong>Fahrrad:<\/strong><br \/>\n#Lecka LaMa --&gt; <a href=\"https:\/\/lastenvelomannheim.de\/?cb_item=lecka-lama\">Zur Buchung<\/a><\/p>\n<p><strong>Standort:<\/strong><br \/>\ndenn\u00b4s Biomarkt<\/p>\n<p><strong>Radbetreuer:<\/strong><br \/>\nMarkus<\/p>\n\t\t\t\t<\/div>\n\t\t\t<\/div>\n\t\t\t\t\t\n\t\t\t\t\t\t<div class=\"hotspot-info \" id=\"hotspot-hotspot-4750-13\">\n\t\t\t\t\n\t\t\t\t<h2 class=\"hotspot-title\">Rheinau<\/h2>\t\t\t\t\t\t\t\t\t<div class=\"hotspot-thumb\">\n\t\t\t\t\t\t<img loading=\"lazy\" decoding=\"async\" width=\"525\" height=\"394\" src=\"https:\/\/lastenvelomannheim.de\/wp-content\/uploads\/2023\/08\/20230804_163739-1024x768.jpg\" class=\"attachment-large size-large\" alt=\"\" srcset=\"https:\/\/lastenvelomannheim.de\/wp-content\/uploads\/2023\/08\/20230804_163739-1024x768.jpg 1024w, https:\/\/lastenvelomannheim.de\/wp-content\/uploads\/2023\/08\/20230804_163739-300x225.jpg 300w, https:\/\/lastenvelomannheim.de\/wp-content\/uploads\/2023\/08\/20230804_163739-768x576.jpg 768w, https:\/\/lastenvelomannheim.de\/wp-content\/uploads\/2023\/08\/20230804_163739-1536x1152.jpg 1536w, https:\/\/lastenvelomannheim.de\/wp-content\/uploads\/2023\/08\/20230804_163739-60x45.jpg 60w, https:\/\/lastenvelomannheim.de\/wp-content\/uploads\/2023\/08\/20230804_163739-100x75.jpg 100w, https:\/\/lastenvelomannheim.de\/wp-content\/uploads\/2023\/08\/20230804_163739.jpg 2000w\" sizes=\"auto, 100vw\" \/>\t\t\t\t\t<\/div>\n\t\t\t\t\t\t\t\t<div class=\"hotspot-content\">\n\t\t\t\t\t<p style=\"color: #000000\"><span style=\"font-weight: bold\">Fahrrad<\/span>:<br \/>\n#Marianne --&gt; Zur Buchung<\/p>\n<p style=\"color: #000000\"><span style=\"font-weight: bold\">Standort:<\/span><br \/>\nMartinskirche Rheinau<\/p>\n<p style=\"color: #000000\"><span style=\"font-weight: bold\">Unterst\u00fctzer:<\/span><br \/>\nEvangelische Kirchengemeinde, Siedlerverein Rheinau<\/p>\n<p><strong>Radbetreuer<\/strong>:<br \/>\nAndreas<\/p>\n\t\t\t\t<\/div>\n\t\t\t<\/div>\n\t\t\t\t\t\n\t\t\t\t\t\t<div class=\"hotspot-info \" id=\"hotspot-hotspot-4750-14\">\n\t\t\t\t\n\t\t\t\t<h2 class=\"hotspot-title\">Friedrichfeld<\/h2>\t\t\t\t\t\t\t\t<div class=\"hotspot-content\">\n\t\t\t\t\t<p style=\"color: #000000\"><span style=\"font-weight: bold\">Standort<\/span>:<br \/>\nMarkthaus (in Planung)<\/p>\n<p style=\"color: #000000\"><span style=\"font-weight: bold\">Radbetreuer:<\/span><br \/>\noffen<\/p>\n<p style=\"color: #000000\"><span style=\"font-weight: bold\">Unterst\u00fctzer:<\/span><br \/>\naktuell 0 Unterst\u00fctzer<\/p>\n\t\t\t\t<\/div>\n\t\t\t<\/div>\n\t\t\t\t\t\n\t\t\t\t\t\t<div class=\"hotspot-info \" id=\"hotspot-hotspot-4750-15\">\n\t\t\t\t\n\t\t\t\t<h2 class=\"hotspot-title\">Neuostheim\/Neuhermsheim<\/h2>\t\t\t\t\t\t\t\t\t<div class=\"hotspot-thumb\">\n\t\t\t\t\t\t<img loading=\"lazy\" decoding=\"async\" width=\"525\" height=\"395\" src=\"https:\/\/lastenvelomannheim.de\/wp-content\/uploads\/2024\/01\/Bahmann-2000px-1024x770.jpg\" class=\"attachment-large size-large\" alt=\"\" srcset=\"https:\/\/lastenvelomannheim.de\/wp-content\/uploads\/2024\/01\/Bahmann-2000px-1024x770.jpg 1024w, https:\/\/lastenvelomannheim.de\/wp-content\/uploads\/2024\/01\/Bahmann-2000px-300x226.jpg 300w, https:\/\/lastenvelomannheim.de\/wp-content\/uploads\/2024\/01\/Bahmann-2000px-768x578.jpg 768w, https:\/\/lastenvelomannheim.de\/wp-content\/uploads\/2024\/01\/Bahmann-2000px-1536x1156.jpg 1536w, https:\/\/lastenvelomannheim.de\/wp-content\/uploads\/2024\/01\/Bahmann-2000px-60x45.jpg 60w, https:\/\/lastenvelomannheim.de\/wp-content\/uploads\/2024\/01\/Bahmann-2000px-100x75.jpg 100w, https:\/\/lastenvelomannheim.de\/wp-content\/uploads\/2024\/01\/Bahmann-2000px.jpg 1898w\" sizes=\"auto, 100vw\" \/>\t\t\t\t\t<\/div>\n\t\t\t\t\t\t\t\t<div class=\"hotspot-content\">\n\t\t\t\t\t<p><strong>Fahrrad:<\/strong><br \/>\n<a href=\"https:\/\/lastenvelomannheim.de\/?cb_item=bahman&amp;cb-location=6718\">#Bahman<\/a><\/p>\n<p style=\"color: #000000\"><span style=\"font-weight: bold\">Standort<\/span>:<br \/>\n<a href=\"https:\/\/lastenvelomannheim.de\/?cb_location=papas-grillhaus-neuhermsheim\">Papa`s Grillhaus<\/a><\/p>\n<p style=\"color: #000000\"><span style=\"font-weight: bold\">Radbetreuer<br \/>\n<\/span>Timo<\/p>\n<p style=\"color: #000000\"><span style=\"font-weight: bold\">Unterst\u00fctzer:<\/span><br \/>\naktuell 2 Unterst\u00fctzer<\/p>\n\t\t\t\t<\/div>\n\t\t\t<\/div>\n\t\t\t\t\t\n\t\t\t\t\t\t<div class=\"hotspot-info \" id=\"hotspot-hotspot-4750-16\">\n\t\t\t\t\n\t\t\t\t<h2 class=\"hotspot-title\">Seckenheim<\/h2>\t\t\t\t\t\t\t\t\t<div class=\"hotspot-thumb\">\n\t\t\t\t\t\t<img loading=\"lazy\" decoding=\"async\" width=\"525\" height=\"394\" src=\"https:\/\/lastenvelomannheim.de\/wp-content\/uploads\/2021\/08\/Willi-bedruckt-1024x768.jpeg\" class=\"attachment-large size-large\" alt=\"\" srcset=\"https:\/\/lastenvelomannheim.de\/wp-content\/uploads\/2021\/08\/Willi-bedruckt-1024x768.jpeg 1024w, https:\/\/lastenvelomannheim.de\/wp-content\/uploads\/2021\/08\/Willi-bedruckt-300x225.jpeg 300w, https:\/\/lastenvelomannheim.de\/wp-content\/uploads\/2021\/08\/Willi-bedruckt-768x576.jpeg 768w, https:\/\/lastenvelomannheim.de\/wp-content\/uploads\/2021\/08\/Willi-bedruckt-1536x1152.jpeg 1536w, https:\/\/lastenvelomannheim.de\/wp-content\/uploads\/2021\/08\/Willi-bedruckt.jpeg 2048w\" sizes=\"auto, 100vw\" \/>\t\t\t\t\t<\/div>\n\t\t\t\t\t\t\t\t<div class=\"hotspot-content\">\n\t\t\t\t\t<p><strong>Fahrrad<\/strong>:<br \/>\n#Willi<\/p>\n<p><strong>Standort<\/strong>:<br \/>\nwird gesucht<\/p>\n<p><strong>Radbetreuer<\/strong>:<br \/>\nGuido<\/p>\n\t\t\t\t<\/div>\n\t\t\t<\/div>\n\t\t\t<\/div>\n\n\n\n\n\n<h2 class=\"wp-block-heading\">Anforderungen an Standorte<\/h2>\n\n\n\n<ul class=\"wp-block-list\">\n<li>\u00dcberdachter Stellplatz, innen oder au\u00dfen<\/li>\n\n\n\n<li>Ideal: Stromanschluss<\/li>\n\n\n\n<li>Eine Ausleihstation, z.B. in einem Gesch\u00e4ft, Sportverein oder Bibliothek<\/li>\n<\/ul>\n\n\n\n<p>Sende einen Hinweis an <a href=\"mailto:info@lastenvelomannheim.de\"><strong><mark><mark style=\"background-color:rgba(0, 0, 0, 0)\" class=\"has-inline-color has-vivid-cyan-blue-color\">info@lastenvelomannheim.de<\/mark><\/mark><\/strong><\/a><\/p>\n\n\n\n<p><strong>Aufwand f\u00fcr die Ausleihstation:<\/strong><\/p>\n\n\n\n<ul class=\"wp-block-list\">\n<li>Die Buchung erfolgt rein \u00fcber die Webseite<\/li>\n\n\n\n<li>Erh\u00e4lt von uns einen kleinen Ordner mit den LaMa AnsprechparterInnen, Ausleihformularen und den Codew\u00f6rtern f\u00fcr jeden Tag<\/li>\n\n\n\n<li>Bei der Ausgabe des Rades: Ausleihformulare ausf\u00fcllen lassen und Name mit Ausweis, sowie dem Codewort abgeleichen. Schl\u00fcssel \u00fcbergeben.<\/li>\n\n\n\n<li>Bei der R\u00fcckgabe: Nutzenden nach Sch\u00e4den oder Problemen fragen, eine Spende anregen, Schl\u00fcssel zur\u00fccknehmen<\/li>\n<\/ul>\n\n\n\n<p><strong>Vorteile f\u00fcr die Ausleihstation<\/strong>:<\/p>\n\n\n\n<ul class=\"wp-block-list\">\n<li>Bekanntheitsgrad w\u00e4chst, ggf. neue Kundschaft<\/li>\n\n\n\n<li>Beitrag zum Klimaschutz und nachhaltiger Mobilit\u00e4t im Stadtteil<\/li>\n\n\n\n<li>Rad kann auch von der Station genutzt werden. Vorher online reservieren, maximal 6 Tage im Monat<\/li>\n<\/ul>\n\n\n\n<p><strong>H\u00e4ufige Fragen<\/strong>:<\/p>\n\n\n\n<p><em>Sind feste \u00d6ffnungszeiten notwendig?<br><\/em>Ja, damit der Aufwand f\u00fcr alle gering gehalten werden kann. Das Rad soll unkompliziert und ohne vorhere Kontaktaufnahme zur Station buchbar und abholbar sein. Die \u00d6ffnungszeiten stehen dann auf unserer Webseite. <\/p>\n\n\n\n<p><em>Wie lange steht ein Lastenrad bei der Station?<br><\/em>Einige unserer Lastenr\u00e4der wechseln alle 3 Monate zu einer anderen Station. Die meisten R\u00e4der sind langfristig an einem Standort. Eine neue Station kann ein Lastenrad f\u00fcr einen Zeitraum testen<\/p>\n\n\n\n<p><em>Was passiert bei Diebstahl oder Vandalismus?<\/em><br>Die R\u00e4der sind gegen Vandalismus und Diebstahl versichert. Die Station kommt in keine Haftung und tr\u00e4gt keine Kosten. <\/p>\n\n\n\n<p><em>Was mache ich, wenn das Rad einen Schaden hat oder es Probleme gibt?<br><\/em>Jede Station hat einen Ordner mit einer Liste der HauptansprechpartnerInnen. Diese k\u00fcmmern sich um Reparaturen und \u00e4hnliches.  <\/p>\n\n\n\n<p><em>Was passiert mit den Spenden?<\/em><br>LaMa ist ein gemeinn\u00fctziger Verein, wir arbeiten ehrenamtlich ohne Aufwandsentsch\u00e4digungen. Alle Spenden nutzen wir f\u00fcr Wartungen, Reparaturen und f\u00fcr die Versicherung der Lastenr\u00e4der. Wenn eine Spendenbescheinigung gew\u00fcnscht ist, muss die Spende auf das <a href=\"https:\/\/lastenvelomannheim.de\/?page_id=186\" data-type=\"link\" data-id=\"https:\/\/lastenvelomannheim.de\/?page_id=186\"><strong><mark style=\"background-color:rgba(0, 0, 0, 0)\" class=\"has-inline-color has-vivid-cyan-blue-color\">Vereinskonto \u00fcberwiesen<\/mark><\/strong> <\/a>werden. Ab einem Betrag von 100\u20ac erstellen wir eine Spendenquittung aus. Bei Betr\u00e4gen <strong><a href=\"https:\/\/www.vlh.de\/kaufen-investieren\/spenden-beitraege\/bei-spenden-bis-300-euro-reicht-ein-einfacher-nachweis.html\"><mark style=\"background-color:rgba(0, 0, 0, 0)\" class=\"has-inline-color has-vivid-cyan-blue-color\">bis zu 300\u20ac<\/mark><\/a><mark style=\"background-color:rgba(0, 0, 0, 0)\" class=\"has-inline-color has-vivid-cyan-blue-color\"> <\/mark><\/strong>reicht dem Finanzamt auch ein Buchungsbeleg oder Kontoauszug der Bank aus.  <\/p>\n\n\n\n<p>Sende einen Hinweis auf eine Station an <a href=\"mailto:info@lastenvelomannheim.de\"><strong><mark><mark style=\"background-color:rgba(0, 0, 0, 0)\" class=\"has-inline-color has-vivid-cyan-blue-color\">info@lastenvelomannheim.de<\/mark><\/mark><\/strong><\/a><\/p>\n\n\n\n<h2 class=\"wp-block-heading\">FahrradbetreuerInnen gesucht <\/h2>\n\n\n\n<p>Jedes Lastenrad wird von einem Betreuenden gepflegt. Typische Aufgaben sind:<\/p>\n\n\n\n<ul class=\"wp-block-list\">\n<li>Kontakt mit der Ausleihstation halten<\/li>\n\n\n\n<li>Fahrrad in die Wartung geben wenn n\u00f6tig<\/li>\n\n\n\n<li>Spa\u00df an Lastenr\u00e4dern haben \ud83d\ude42<\/li>\n<\/ul>\n\n\n\n<p>Du musst daf\u00fcr nicht unbedingt Mitglied in unserem Verein werden, wir w\u00fcrden uns aber  dar\u00fcber freuen. <\/p>\n\n\n\n<p>Melde dich bei <a href=\"mailto:info@lastenvelomannheim.de\"><strong>info@lastenvelomannheim.de<\/strong><\/a><\/p>\n\n\n\n<div class=\"wp-block-columns is-layout-flex wp-container-core-columns-is-layout-9d6595d7 wp-block-columns-is-layout-flex\">\n<div class=\"wp-block-column is-layout-flow wp-block-column-is-layout-flow\" style=\"flex-basis:100%\"><\/div>\n<\/div>\n\n\n\n<h2 class=\"wp-block-heading\">Ein Lastenrad reservieren<\/h2>\n\n\n\n<p>Es stehen Lastenr\u00e4der mit und ohne Motor und ein spezielles Rollstuhltransportrad in Mannheim f\u00fcr dich bereit. Zudem verleihen wir ein Lastenrad mit Motor in Ludwigshafen.<\/p>\n\n\n\n<p><a href=\"https:\/\/lastenvelomannheim.de\/?page_id=27\"><strong><mark style=\"background-color:rgba(0, 0, 0, 0)\" class=\"has-inline-color has-vivid-cyan-blue-color\">Hier kannst du ein Lastenrad ausleihen<\/mark><\/strong><\/a><\/p>\n\n\n\n<figure class=\"wp-block-gallery has-nested-images columns-default is-cropped wp-block-gallery-1 is-layout-flex wp-block-gallery-is-layout-flex\">\n<figure class=\"wp-block-image size-large is-style-default\"><a href=\"https:\/\/lastenvelomannheim.de\/?cb_item=comming-soon-das-fuenfte\"><img loading=\"lazy\" decoding=\"async\" width=\"1024\" height=\"681\" data-id=\"1770\" src=\"https:\/\/lastenvelomannheim.de\/wp-content\/uploads\/2021\/06\/Tillie_Lama-67047-1024x681.jpg\" alt=\"Lastenrad Tillie - K\u00e4fertal S\u00fcd\" class=\"wp-image-1770\" srcset=\"https:\/\/lastenvelomannheim.de\/wp-content\/uploads\/2021\/06\/Tillie_Lama-67047-1024x681.jpg 1024w, https:\/\/lastenvelomannheim.de\/wp-content\/uploads\/2021\/06\/Tillie_Lama-67047-300x200.jpg 300w, https:\/\/lastenvelomannheim.de\/wp-content\/uploads\/2021\/06\/Tillie_Lama-67047-768x511.jpg 768w, https:\/\/lastenvelomannheim.de\/wp-content\/uploads\/2021\/06\/Tillie_Lama-67047-1536x1022.jpg 1536w, https:\/\/lastenvelomannheim.de\/wp-content\/uploads\/2021\/06\/Tillie_Lama-67047-2048x1363.jpg 2048w\" sizes=\"auto, (max-width: 706px) 89vw, (max-width: 767px) 82vw, 740px\" \/><\/a><figcaption class=\"wp-element-caption\">Tillie (K\u00e4fertal S\u00fcd)<\/figcaption><\/figure>\n\n\n\n<figure class=\"wp-block-image size-large\"><a href=\"https:\/\/lastenvelomannheim.de\/?cb_item=billie\"><img loading=\"lazy\" decoding=\"async\" width=\"200\" height=\"300\" data-id=\"3302\" src=\"https:\/\/lastenvelomannheim.de\/wp-content\/uploads\/2022\/06\/IMG_2706.jpg\" alt=\"Rollstuhltransportrad Billie - Schwetzinger Vorstadt\" class=\"wp-image-3302\" srcset=\"https:\/\/lastenvelomannheim.de\/wp-content\/uploads\/2022\/06\/IMG_2706.jpg 200w, https:\/\/lastenvelomannheim.de\/wp-content\/uploads\/2022\/06\/IMG_2706-40x60.jpg 40w, https:\/\/lastenvelomannheim.de\/wp-content\/uploads\/2022\/06\/IMG_2706-67x100.jpg 67w\" sizes=\"auto, (max-width: 200px) 100vw, 200px\" \/><\/a><figcaption class=\"wp-element-caption\">Billie (Schwetzinger Vorstadt)<\/figcaption><\/figure>\n\n\n\n<figure class=\"wp-block-image size-large\"><img loading=\"lazy\" decoding=\"async\" width=\"1024\" height=\"768\" data-id=\"7731\" src=\"https:\/\/lastenvelomannheim.de\/wp-content\/uploads\/2024\/01\/20240611_191931-1024x768.jpg\" alt=\"\" class=\"wp-image-7731\" srcset=\"https:\/\/lastenvelomannheim.de\/wp-content\/uploads\/2024\/01\/20240611_191931-1024x768.jpg 1024w, https:\/\/lastenvelomannheim.de\/wp-content\/uploads\/2024\/01\/20240611_191931-300x225.jpg 300w, https:\/\/lastenvelomannheim.de\/wp-content\/uploads\/2024\/01\/20240611_191931-768x576.jpg 768w, https:\/\/lastenvelomannheim.de\/wp-content\/uploads\/2024\/01\/20240611_191931-1536x1152.jpg 1536w, https:\/\/lastenvelomannheim.de\/wp-content\/uploads\/2024\/01\/20240611_191931-2048x1536.jpg 2048w, https:\/\/lastenvelomannheim.de\/wp-content\/uploads\/2024\/01\/20240611_191931-60x45.jpg 60w, https:\/\/lastenvelomannheim.de\/wp-content\/uploads\/2024\/01\/20240611_191931-100x75.jpg 100w\" sizes=\"auto, (max-width: 706px) 89vw, (max-width: 767px) 82vw, 740px\" \/><figcaption class=\"wp-element-caption\">Bjarne (Neckarstadt-West)<\/figcaption><\/figure>\n\n\n\n<figure class=\"wp-block-image size-large\"><a href=\"https:\/\/lastenvelomannheim.de\/?cb_item=lama-x-nr-4-bald-startklar\"><img loading=\"lazy\" decoding=\"async\" width=\"2048\" height=\"1152\" data-id=\"455\" src=\"https:\/\/lastenvelomannheim.de\/wp-content\/uploads\/2019\/12\/lama4.jpg\" alt=\"Lastenrad Karl - Quadrate\" class=\"wp-image-455\" srcset=\"https:\/\/lastenvelomannheim.de\/wp-content\/uploads\/2019\/12\/lama4.jpg 2048w, https:\/\/lastenvelomannheim.de\/wp-content\/uploads\/2019\/12\/lama4-300x169.jpg 300w, https:\/\/lastenvelomannheim.de\/wp-content\/uploads\/2019\/12\/lama4-768x432.jpg 768w, https:\/\/lastenvelomannheim.de\/wp-content\/uploads\/2019\/12\/lama4-1024x576.jpg 1024w\" sizes=\"auto, (max-width: 706px) 89vw, (max-width: 767px) 82vw, 740px\" \/><\/a><figcaption class=\"wp-element-caption\">Karl (Schwetzinger Vorstadt)<\/figcaption><\/figure>\n\n\n\n<figure class=\"wp-block-image size-large\"><a href=\"https:\/\/lastenvelomannheim.de\/?cb_item=willi\"><img loading=\"lazy\" decoding=\"async\" width=\"2048\" height=\"1536\" data-id=\"2426\" src=\"https:\/\/lastenvelomannheim.de\/wp-content\/uploads\/2021\/08\/Willi-bedruckt.jpeg\" alt=\"Lastenrad Willi - Seckenheim\" class=\"wp-image-2426\" srcset=\"https:\/\/lastenvelomannheim.de\/wp-content\/uploads\/2021\/08\/Willi-bedruckt.jpeg 2048w, https:\/\/lastenvelomannheim.de\/wp-content\/uploads\/2021\/08\/Willi-bedruckt-300x225.jpeg 300w, https:\/\/lastenvelomannheim.de\/wp-content\/uploads\/2021\/08\/Willi-bedruckt-1024x768.jpeg 1024w, https:\/\/lastenvelomannheim.de\/wp-content\/uploads\/2021\/08\/Willi-bedruckt-768x576.jpeg 768w, https:\/\/lastenvelomannheim.de\/wp-content\/uploads\/2021\/08\/Willi-bedruckt-1536x1152.jpeg 1536w\" sizes=\"auto, (max-width: 706px) 89vw, (max-width: 767px) 82vw, 740px\" \/><\/a><figcaption class=\"wp-element-caption\">Willi (Seckenheim)<\/figcaption><\/figure>\n\n\n\n<figure class=\"wp-block-image size-full\"><img loading=\"lazy\" decoding=\"async\" width=\"1000\" height=\"436\" data-id=\"4882\" src=\"https:\/\/lastenvelomannheim.de\/wp-content\/uploads\/2023\/05\/Hilde-auf-der-Buga_web.jpg\" alt=\"\" class=\"wp-image-4882\" srcset=\"https:\/\/lastenvelomannheim.de\/wp-content\/uploads\/2023\/05\/Hilde-auf-der-Buga_web.jpg 1000w, https:\/\/lastenvelomannheim.de\/wp-content\/uploads\/2023\/05\/Hilde-auf-der-Buga_web-300x131.jpg 300w, https:\/\/lastenvelomannheim.de\/wp-content\/uploads\/2023\/05\/Hilde-auf-der-Buga_web-768x335.jpg 768w, https:\/\/lastenvelomannheim.de\/wp-content\/uploads\/2023\/05\/Hilde-auf-der-Buga_web-60x26.jpg 60w, https:\/\/lastenvelomannheim.de\/wp-content\/uploads\/2023\/05\/Hilde-auf-der-Buga_web-100x44.jpg 100w\" sizes=\"auto, (max-width: 706px) 89vw, (max-width: 767px) 82vw, 740px\" \/><figcaption class=\"wp-element-caption\">Hilde (Jungbusch)<\/figcaption><\/figure>\n\n\n\n<figure class=\"wp-block-image size-large\"><a href=\"https:\/\/lastenvelomannheim.de\/?cb_item=luise\"><img loading=\"lazy\" decoding=\"async\" width=\"626\" height=\"369\" data-id=\"2170\" src=\"https:\/\/lastenvelomannheim.de\/wp-content\/uploads\/2021\/09\/Luise2-e1632474250908.jpg\" alt=\"Lastenrad LUise - Ludwigshafen Mitte\" class=\"wp-image-2170\" srcset=\"https:\/\/lastenvelomannheim.de\/wp-content\/uploads\/2021\/09\/Luise2-e1632474250908.jpg 626w, https:\/\/lastenvelomannheim.de\/wp-content\/uploads\/2021\/09\/Luise2-e1632474250908-300x177.jpg 300w\" sizes=\"auto, (max-width: 626px) 100vw, 626px\" \/><\/a><figcaption class=\"wp-element-caption\">LUise (Ludwigshafen Mitte)<\/figcaption><\/figure>\n\n\n\n<figure class=\"wp-block-image size-large\"><a href=\"https:\/\/lastenvelomannheim.de\/?cb_item=lecka-lama\"><img loading=\"lazy\" decoding=\"async\" width=\"1280\" height=\"720\" data-id=\"441\" src=\"https:\/\/lastenvelomannheim.de\/wp-content\/uploads\/2019\/09\/LeckaLaMa_beklebt.jpg\" alt=\"Lastenrad Lecka LaMa - Neckarau\" class=\"wp-image-441\" srcset=\"https:\/\/lastenvelomannheim.de\/wp-content\/uploads\/2019\/09\/LeckaLaMa_beklebt.jpg 1280w, https:\/\/lastenvelomannheim.de\/wp-content\/uploads\/2019\/09\/LeckaLaMa_beklebt-300x169.jpg 300w, https:\/\/lastenvelomannheim.de\/wp-content\/uploads\/2019\/09\/LeckaLaMa_beklebt-768x432.jpg 768w, https:\/\/lastenvelomannheim.de\/wp-content\/uploads\/2019\/09\/LeckaLaMa_beklebt-1024x576.jpg 1024w\" sizes=\"auto, (max-width: 706px) 89vw, (max-width: 767px) 82vw, 740px\" \/><\/a><figcaption class=\"wp-element-caption\">Lecka LaMa (Neckarau)<\/figcaption><\/figure>\n\n\n\n<figure class=\"wp-block-image size-large\"><a href=\"https:\/\/lastenvelomannheim.de\/?cb_item=rudi\"><img loading=\"lazy\" decoding=\"async\" width=\"2300\" height=\"1252\" data-id=\"3753\" src=\"https:\/\/lastenvelomannheim.de\/wp-content\/uploads\/2021\/08\/IMG_7527-Webseite.jpg\" alt=\"Lastenrad Eddy - Sch\u00f6nau\" class=\"wp-image-3753\" srcset=\"https:\/\/lastenvelomannheim.de\/wp-content\/uploads\/2021\/08\/IMG_7527-Webseite.jpg 2300w, https:\/\/lastenvelomannheim.de\/wp-content\/uploads\/2021\/08\/IMG_7527-Webseite-300x163.jpg 300w, https:\/\/lastenvelomannheim.de\/wp-content\/uploads\/2021\/08\/IMG_7527-Webseite-1024x557.jpg 1024w, https:\/\/lastenvelomannheim.de\/wp-content\/uploads\/2021\/08\/IMG_7527-Webseite-768x418.jpg 768w, https:\/\/lastenvelomannheim.de\/wp-content\/uploads\/2021\/08\/IMG_7527-Webseite-1536x836.jpg 1536w, https:\/\/lastenvelomannheim.de\/wp-content\/uploads\/2021\/08\/IMG_7527-Webseite-2048x1115.jpg 2048w, https:\/\/lastenvelomannheim.de\/wp-content\/uploads\/2021\/08\/IMG_7527-Webseite-60x33.jpg 60w, https:\/\/lastenvelomannheim.de\/wp-content\/uploads\/2021\/08\/IMG_7527-Webseite-100x54.jpg 100w\" sizes=\"auto, (max-width: 706px) 89vw, (max-width: 767px) 82vw, 740px\" \/><\/a><figcaption class=\"wp-element-caption\">Eddy (Sch\u00f6nau)<\/figcaption><\/figure>\n\n\n\n<figure class=\"wp-block-image size-large\"><a href=\"https:\/\/lastenvelomannheim.de\/?cb_item=marianne&amp;cb-location=5414\"><img loading=\"lazy\" decoding=\"async\" width=\"1024\" height=\"768\" data-id=\"5419\" src=\"https:\/\/lastenvelomannheim.de\/wp-content\/uploads\/2023\/08\/20230804_163739-1024x768.jpg\" alt=\"\" class=\"wp-image-5419\" srcset=\"https:\/\/lastenvelomannheim.de\/wp-content\/uploads\/2023\/08\/20230804_163739-1024x768.jpg 1024w, https:\/\/lastenvelomannheim.de\/wp-content\/uploads\/2023\/08\/20230804_163739-300x225.jpg 300w, https:\/\/lastenvelomannheim.de\/wp-content\/uploads\/2023\/08\/20230804_163739-768x576.jpg 768w, https:\/\/lastenvelomannheim.de\/wp-content\/uploads\/2023\/08\/20230804_163739-1536x1152.jpg 1536w, https:\/\/lastenvelomannheim.de\/wp-content\/uploads\/2023\/08\/20230804_163739-60x45.jpg 60w, https:\/\/lastenvelomannheim.de\/wp-content\/uploads\/2023\/08\/20230804_163739-100x75.jpg 100w, https:\/\/lastenvelomannheim.de\/wp-content\/uploads\/2023\/08\/20230804_163739.jpg 2000w\" sizes=\"auto, (max-width: 706px) 89vw, (max-width: 767px) 82vw, 740px\" \/><\/a><figcaption class=\"wp-element-caption\">Marianne (Rheinau S\u00fcd)<\/figcaption><\/figure>\n<\/figure>\n","protected":false},"excerpt":{"rendered":"<p>LaMa verleiht seit 2017 Lastenr\u00e4der auf Spendenbasis. Im Jahr 2022 haben wir den Beteiligungshaushalt Mannheim gewonnen und nutzten das Preisgeld f\u00fcr den Kauf von Lastenr\u00e4dern, denn jeder Stadtbezirk in Mannheim soll ein kostenloses Lastenvelo erhalten. 4 neue Stadtbezirke haben zwischen 2023 bis Mitte 2024 bereits Lastenr\u00e4der bekommen. Aktuell suchen wir noch Standorte: Anforderungen an Standorte &hellip; <\/p>\n<p class=\"link-more\"><a href=\"https:\/\/lastenvelomannheim.de\/?p=4722\" class=\"more-link\"><span class=\"screen-reader-text\">\u201eEin Lastenrad in Deinem Stadtbezirk &#8211; Standorte gesucht\u201c <\/span>weiterlesen<\/a><\/p>\n","protected":false},"author":151,"featured_media":3643,"comment_status":"closed","ping_status":"open","sticky":false,"template":"","format":"standard","meta":{"footnotes":""},"categories":[1],"tags":[],"class_list":["post-4722","post","type-post","status-publish","format-standard","has-post-thumbnail","hentry","category-allgemein"],"_links":{"self":[{"href":"https:\/\/lastenvelomannheim.de\/index.php?rest_route=\/wp\/v2\/posts\/4722","targetHints":{"allow":["GET"]}}],"collection":[{"href":"https:\/\/lastenvelomannheim.de\/index.php?rest_route=\/wp\/v2\/posts"}],"about":[{"href":"https:\/\/lastenvelomannheim.de\/index.php?rest_route=\/wp\/v2\/types\/post"}],"author":[{"embeddable":true,"href":"https:\/\/lastenvelomannheim.de\/index.php?rest_route=\/wp\/v2\/users\/151"}],"replies":[{"embeddable":true,"href":"https:\/\/lastenvelomannheim.de\/index.php?rest_route=%2Fwp%2Fv2%2Fcomments&post=4722"}],"version-history":[{"count":27,"href":"https:\/\/lastenvelomannheim.de\/index.php?rest_route=\/wp\/v2\/posts\/4722\/revisions"}],"predecessor-version":[{"id":14811,"href":"https:\/\/lastenvelomannheim.de\/index.php?rest_route=\/wp\/v2\/posts\/4722\/revisions\/14811"}],"wp:featuredmedia":[{"embeddable":true,"href":"https:\/\/lastenvelomannheim.de\/index.php?rest_route=\/wp\/v2\/media\/3643"}],"wp:attachment":[{"href":"https:\/\/lastenvelomannheim.de\/index.php?rest_route=%2Fwp%2Fv2%2Fmedia&parent=4722"}],"wp:term":[{"taxonomy":"category","embeddable":true,"href":"https:\/\/lastenvelomannheim.de\/index.php?rest_route=%2Fwp%2Fv2%2Fcategories&post=4722"},{"taxonomy":"post_tag","embeddable":true,"href":"https:\/\/lastenvelomannheim.de\/index.php?rest_route=%2Fwp%2Fv2%2Ftags&post=4722"}],"curies":[{"name":"wp","href":"https:\/\/api.w.org\/{rel}","templated":true}]}}