{"id":17659,"date":"2026-07-22T11:15:00","date_gmt":"2026-07-22T09:15:00","guid":{"rendered":"https:\/\/lastenvelomannheim.de\/?p=17659"},"modified":"2026-09-03T11:25:06","modified_gmt":"2026-09-03T09:25:06","slug":"17659","status":"publish","type":"post","link":"https:\/\/lastenvelomannheim.de\/?p=17659","title":{"rendered":"Neues Lastenrad &#8220;Bjarne&#8221; in den Quadraten ausleihbar"},"content":{"rendered":"\n<blockquote class=\"wp-block-quote is-layout-flow wp-block-quote-is-layout-flow\">\n<p class=\"wp-block-paragraph\">Die Quadrate haben endlich wieder ein Lastenrad! Es wurde am Mittwoch, dem 22. Juli offiziell eingeweiht. Das Rad kann bei Frauenbuchladen Xanthippe in T3, 4 gegen Spenden und bis zu drei Tage lang ausgeliehen werden.<\/p>\n\n\n\n<p class=\"wp-block-paragraph\">Das neue LaMa mit dem Namen \u201eBjarne\u201c ist ein zweir\u00e4driges Lastenrad mit Motor, im Vorderkorb k\u00f6nnen zwei Kinder von ca. 1,5 \u2013 6 Jahren angeschnallt werden. <\/p>\n\n\n\n<p class=\"wp-block-paragraph\"><a href=\"https:\/\/lastenvelomannheim.de\/?cb_item=bjarne\" data-type=\"cb_item\" data-id=\"6112\"><strong><mark style=\"background-color:rgba(0, 0, 0, 0)\" class=\"has-inline-color has-vivid-cyan-blue-color\">Jetzt Lastenrad Bjarne ausleihen<\/mark><\/strong><\/a><\/p>\n<\/blockquote>\n\n\n\n<blockquote class=\"wp-block-quote is-layout-flow wp-block-quote-is-layout-flow\">\n<p class=\"wp-block-paragraph\">Der Buchladen Xanthippe ist eine kleine unabh\u00e4ngige Buchhandlung mit einem breiten allgemeinen Sortiment unweit des Herschelbades und nun schon fast f\u00fcnfzig Jahre an diesem Standort in T 3 beheimatet.<\/p>\n<\/blockquote>\n\n\n\n<blockquote class=\"wp-block-quote is-layout-flow wp-block-quote-is-layout-flow\">\n<p class=\"wp-block-paragraph\">Julia von Xanthippe erl\u00e4utert: &#8220;Wir haben im Fr\u00fchjahr dieses Jahres eher zuf\u00e4llig erfahren, dass der Verein f\u00fcr die Quadrate einen neuen Ausleihstandort sucht, und waren uns im Team schnell einig, dass wir gerne LaMa-Standort werden w\u00fcrden. Unser Vermieter Hildebrandt &amp; Hees unterst\u00fctzte die Idee, sodass die Umsetzung schnell gehen konnte. Wir freuen uns wirklich sehr, jetzt als Ausleihstation f\u00fcr das kostenlose Lastenrad Teil des LaMa-Projekts zu sein. So k\u00f6nnen wir die Radcommunity unterst\u00fctzen und gemeinsam einen Beitrag zu nachhaltiger Mobilit\u00e4t und einer lebenswerten Innenstadt mit weniger Kfz-Verkehr leisten. Wir nutzen das Rad immer wieder auch selbst zum Ausliefern von B\u00fcchern und sind begeistert von der Flexibilit\u00e4t und Zeitersparnis, die uns das bringt. Au\u00dferdem finden wir es toll, dass wir \u00fcber das Ausleihen des Rades in Kontakt mit Menschen aus der Innenstadt kommen, die wir noch gar nicht kennen, so w\u00e4chst unser Netzwerk weiter und es entdecken auch Menschen unseren sch\u00f6nen Laden, die ihn vorher noch nicht kannten.&#8221;<\/p>\n<\/blockquote>\n\n\n\n<blockquote class=\"wp-block-quote is-layout-flow wp-block-quote-is-layout-flow\">\n<p class=\"wp-block-paragraph\">Xanthippe leiht das Lastenrad im laufenden Betrieb aus. Somit k\u00f6nnen B\u00fcrgerinnen und B\u00fcrger nun auch wieder in dern Quadraten unkompliziert, kostenlos und ohne Auto, Eink\u00e4ufe, sperrige Gegenst\u00e4nde transportieren oder Ausfl\u00fcgen mit Kinder machen. <\/p>\n\n\n\n<p class=\"wp-block-paragraph\"><a href=\"https:\/\/lastenvelomannheim.de\/?cb_item=bjarne\" data-type=\"cb_item\" data-id=\"6112\"><strong><mark style=\"background-color:rgba(0, 0, 0, 0)\" class=\"has-inline-color has-vivid-cyan-blue-color\">Jetzt Lastenrad Bjarne ausleihen<\/mark><\/strong><\/a><\/p>\n<\/blockquote>\n","protected":false},"excerpt":{"rendered":"<p>Die Quadrate haben endlich wieder ein Lastenrad! Es wurde am Mittwoch, dem 22. Juli offiziell eingeweiht. Das Rad kann bei Frauenbuchladen Xanthippe in T3, 4 gegen Spenden und bis zu drei Tage lang ausgeliehen werden. Das neue LaMa mit dem Namen \u201eBjarne\u201c ist ein zweir\u00e4driges Lastenrad mit Motor, im Vorderkorb k\u00f6nnen zwei Kinder von ca. &hellip; <\/p>\n<p class=\"link-more\"><a href=\"https:\/\/lastenvelomannheim.de\/?p=17659\" class=\"more-link\"><span class=\"screen-reader-text\">\u201eNeues Lastenrad &#8220;Bjarne&#8221; in den Quadraten ausleihbar\u201c <\/span>weiterlesen<\/a><\/p>\n","protected":false},"author":151,"featured_media":17660,"comment_status":"closed","ping_status":"open","sticky":false,"template":"","format":"standard","meta":{"footnotes":""},"categories":[1],"tags":[],"class_list":["post-17659","post","type-post","status-publish","format-standard","has-post-thumbnail","hentry","category-allgemein"],"_links":{"self":[{"href":"https:\/\/lastenvelomannheim.de\/index.php?rest_route=\/wp\/v2\/posts\/17659","targetHints":{"allow":["GET"]}}],"collection":[{"href":"https:\/\/lastenvelomannheim.de\/index.php?rest_route=\/wp\/v2\/posts"}],"about":[{"href":"https:\/\/lastenvelomannheim.de\/index.php?rest_route=\/wp\/v2\/types\/post"}],"author":[{"embeddable":true,"href":"https:\/\/lastenvelomannheim.de\/index.php?rest_route=\/wp\/v2\/users\/151"}],"replies":[{"embeddable":true,"href":"https:\/\/lastenvelomannheim.de\/index.php?rest_route=%2Fwp%2Fv2%2Fcomments&post=17659"}],"version-history":[{"count":2,"href":"https:\/\/lastenvelomannheim.de\/index.php?rest_route=\/wp\/v2\/posts\/17659\/revisions"}],"predecessor-version":[{"id":17662,"href":"https:\/\/lastenvelomannheim.de\/index.php?rest_route=\/wp\/v2\/posts\/17659\/revisions\/17662"}],"wp:featuredmedia":[{"embeddable":true,"href":"https:\/\/lastenvelomannheim.de\/index.php?rest_route=\/wp\/v2\/media\/17660"}],"wp:attachment":[{"href":"https:\/\/lastenvelomannheim.de\/index.php?rest_route=%2Fwp%2Fv2%2Fmedia&parent=17659"}],"wp:term":[{"taxonomy":"category","embeddable":true,"href":"https:\/\/lastenvelomannheim.de\/index.php?rest_route=%2Fwp%2Fv2%2Fcategories&post=17659"},{"taxonomy":"post_tag","embeddable":true,"href":"https:\/\/lastenvelomannheim.de\/index.php?rest_route=%2Fwp%2Fv2%2Ftags&post=17659"}],"curies":[{"name":"wp","href":"https:\/\/api.w.org\/{rel}","templated":true}]}}