{"id":17656,"date":"2026-09-03T11:14:10","date_gmt":"2026-09-03T09:14:10","guid":{"rendered":"https:\/\/lastenvelomannheim.de\/?p=17656"},"modified":"2026-09-03T11:14:10","modified_gmt":"2026-09-03T09:14:10","slug":"lastenrad-unterstaende-bauen-zum-freiwilligentag-am-12-9","status":"publish","type":"post","link":"https:\/\/lastenvelomannheim.de\/?p=17656","title":{"rendered":"Lastenrad Unterst\u00e4nde bauen zum Freiwilligentag am 12.9."},"content":{"rendered":"\n<p class=\"wp-block-paragraph\">F\u00fcr unsere wachsende Flotte an gemeinschaftlich genutzten Lastenr\u00e4dern brauchen wir Unterst\u00e4nde damit unsere R\u00e4der nicht im Regen stehen. Diese wollen wir gerne mit euch bauen. <\/p>\n\n\n\n<p class=\"wp-block-paragraph\">Wer Lust hat, mal ein Lastenrad auszuprobieren, wird sicherliche auch eine Chance bekommen mal eine Proberunde zu drehen oder wird die &#8220;Pizza f\u00fcr alle&#8221; mit einem Lastenrad abholen k\u00f6nnen. Auch unser Werkstattcontainer und ein gro\u00dfer Unterstand braucht noch kr\u00e4ftige H\u00e4nde im Ausbau zu unserer Werkstatt. Wir freuen uns auf alle die uns helfen wollen unser \u00f6kologisches und kostenloses Angebot zu st\u00e4rken. <\/p>\n\n\n\n<p class=\"wp-block-paragraph\"><strong>Samstag, 12. September<\/strong><br><strong>von 9 bis 16 oder 17 Uhr<\/strong><\/p>\n\n\n\n<p class=\"wp-block-paragraph\">Wir wollen um 9:00 Uhr beginnen am LaMa Container auf Spinelli, an der Bushaltestelle Chisinauer Platz) und das Ende unserer Aktion planen wir f\u00fcr 16 bis 17 Uhr.<\/p>\n\n\n\n<p class=\"wp-block-paragraph\"><a href=\"https:\/\/wir-schaffen-was.de\/engagementboerse\/projekte-finden\/#\/angebot\/351250\"><strong><mark style=\"background-color:rgba(0, 0, 0, 0)\" class=\"has-inline-color has-vivid-cyan-blue-color\">Jetzt anmelden<\/mark><\/strong><\/a><\/p>\n\n\n\n<p class=\"wp-block-paragraph\"><\/p>\n","protected":false},"excerpt":{"rendered":"<p>F\u00fcr unsere wachsende Flotte an gemeinschaftlich genutzten Lastenr\u00e4dern brauchen wir Unterst\u00e4nde damit unsere R\u00e4der nicht im Regen stehen. Diese wollen wir gerne mit euch bauen. Wer Lust hat, mal ein Lastenrad auszuprobieren, wird sicherliche auch eine Chance bekommen mal eine Proberunde zu drehen oder wird die &#8220;Pizza f\u00fcr alle&#8221; mit einem Lastenrad abholen k\u00f6nnen. Auch &hellip; <\/p>\n<p class=\"link-more\"><a href=\"https:\/\/lastenvelomannheim.de\/?p=17656\" class=\"more-link\"><span class=\"screen-reader-text\">\u201eLastenrad Unterst\u00e4nde bauen zum Freiwilligentag am 12.9.\u201c <\/span>weiterlesen<\/a><\/p>\n","protected":false},"author":151,"featured_media":17657,"comment_status":"closed","ping_status":"open","sticky":false,"template":"","format":"standard","meta":{"footnotes":""},"categories":[1],"tags":[],"class_list":["post-17656","post","type-post","status-publish","format-standard","has-post-thumbnail","hentry","category-allgemein"],"_links":{"self":[{"href":"https:\/\/lastenvelomannheim.de\/index.php?rest_route=\/wp\/v2\/posts\/17656","targetHints":{"allow":["GET"]}}],"collection":[{"href":"https:\/\/lastenvelomannheim.de\/index.php?rest_route=\/wp\/v2\/posts"}],"about":[{"href":"https:\/\/lastenvelomannheim.de\/index.php?rest_route=\/wp\/v2\/types\/post"}],"author":[{"embeddable":true,"href":"https:\/\/lastenvelomannheim.de\/index.php?rest_route=\/wp\/v2\/users\/151"}],"replies":[{"embeddable":true,"href":"https:\/\/lastenvelomannheim.de\/index.php?rest_route=%2Fwp%2Fv2%2Fcomments&post=17656"}],"version-history":[{"count":1,"href":"https:\/\/lastenvelomannheim.de\/index.php?rest_route=\/wp\/v2\/posts\/17656\/revisions"}],"predecessor-version":[{"id":17658,"href":"https:\/\/lastenvelomannheim.de\/index.php?rest_route=\/wp\/v2\/posts\/17656\/revisions\/17658"}],"wp:featuredmedia":[{"embeddable":true,"href":"https:\/\/lastenvelomannheim.de\/index.php?rest_route=\/wp\/v2\/media\/17657"}],"wp:attachment":[{"href":"https:\/\/lastenvelomannheim.de\/index.php?rest_route=%2Fwp%2Fv2%2Fmedia&parent=17656"}],"wp:term":[{"taxonomy":"category","embeddable":true,"href":"https:\/\/lastenvelomannheim.de\/index.php?rest_route=%2Fwp%2Fv2%2Fcategories&post=17656"},{"taxonomy":"post_tag","embeddable":true,"href":"https:\/\/lastenvelomannheim.de\/index.php?rest_route=%2Fwp%2Fv2%2Ftags&post=17656"}],"curies":[{"name":"wp","href":"https:\/\/api.w.org\/{rel}","templated":true}]}}