{"id":14820,"date":"2025-12-20T17:37:48","date_gmt":"2025-12-20T16:37:48","guid":{"rendered":"https:\/\/lastenvelomannheim.de\/?p=14820"},"modified":"2025-12-20T17:37:48","modified_gmt":"2025-12-20T16:37:48","slug":"fahre-fahrradrikscha-beim-karnevalsumzug-am-15-februar","status":"publish","type":"post","link":"https:\/\/lastenvelomannheim.de\/?p=14820","title":{"rendered":"Fahre Fahrradrikscha beim Karnevalsumzug am 15. Februar"},"content":{"rendered":"\n<p><\/p>\n\n\n\n<p>LaMa ist beim gro\u00dfen Karnevalsumzug Mannheim Ludwigshafen am 15. Februar mit dabei beim n\u00e4rrischen Treiben. Mit unserer Fahrradrikscha ERika, die wir bunt schm\u00fccken werden, rollen wir durch die Stra\u00dfen und sorgen f\u00fcr Aufmerksamkeit und gute Laune.<\/p>\n\n\n\n<p>Der Umzug startet um 13.11 Uhr in Ludwigshafen an der Kreuzung Wittelsbacherstra\u00dfe und Hafenpromenade bei der Polizei und f\u00fchrt durch die Innenstadt bis zur Rheingalerie.<\/p>\n\n\n\n<p>Gemeinsam wollen wir zeigen, wie bunt, kreativ und gemeinschaftlich nachhaltige Mobilit\u00e4t sein kann.<\/p>\n\n\n\n<p>Wer Lust hat, mitzufahren, ist herzlich eingeladen. Egal ob als FahrerIn,oder als MitfahrerIn auf der Rikscha. Meldet euch gerne bei uns unter <a href=\"mailto:info@lastenvelomannheim.de\">info@lastenvelomannheim.de<\/a> und seid Teil dieses besonderen Erlebnisses.<\/p>\n\n\n\n<p>Weitere Informationen zum Umzug findet ihr unter<br><a href=\"https:\/\/lukom.com\/events\/fasnachtsumzug\/\">https:\/\/lukom.com\/events\/fasnachtsumzug\/<\/a><\/p>\n","protected":false},"excerpt":{"rendered":"<p>LaMa ist beim gro\u00dfen Karnevalsumzug Mannheim Ludwigshafen am 15. Februar mit dabei beim n\u00e4rrischen Treiben. Mit unserer Fahrradrikscha ERika, die wir bunt schm\u00fccken werden, rollen wir durch die Stra\u00dfen und sorgen f\u00fcr Aufmerksamkeit und gute Laune. Der Umzug startet um 13.11 Uhr in Ludwigshafen an der Kreuzung Wittelsbacherstra\u00dfe und Hafenpromenade bei der Polizei und f\u00fchrt &hellip; <\/p>\n<p class=\"link-more\"><a href=\"https:\/\/lastenvelomannheim.de\/?p=14820\" class=\"more-link\"><span class=\"screen-reader-text\">\u201eFahre Fahrradrikscha beim Karnevalsumzug am 15. Februar\u201c <\/span>weiterlesen<\/a><\/p>\n","protected":false},"author":151,"featured_media":14821,"comment_status":"closed","ping_status":"open","sticky":false,"template":"","format":"standard","meta":{"footnotes":""},"categories":[1],"tags":[],"class_list":["post-14820","post","type-post","status-publish","format-standard","has-post-thumbnail","hentry","category-allgemein"],"_links":{"self":[{"href":"https:\/\/lastenvelomannheim.de\/index.php?rest_route=\/wp\/v2\/posts\/14820","targetHints":{"allow":["GET"]}}],"collection":[{"href":"https:\/\/lastenvelomannheim.de\/index.php?rest_route=\/wp\/v2\/posts"}],"about":[{"href":"https:\/\/lastenvelomannheim.de\/index.php?rest_route=\/wp\/v2\/types\/post"}],"author":[{"embeddable":true,"href":"https:\/\/lastenvelomannheim.de\/index.php?rest_route=\/wp\/v2\/users\/151"}],"replies":[{"embeddable":true,"href":"https:\/\/lastenvelomannheim.de\/index.php?rest_route=%2Fwp%2Fv2%2Fcomments&post=14820"}],"version-history":[{"count":1,"href":"https:\/\/lastenvelomannheim.de\/index.php?rest_route=\/wp\/v2\/posts\/14820\/revisions"}],"predecessor-version":[{"id":14822,"href":"https:\/\/lastenvelomannheim.de\/index.php?rest_route=\/wp\/v2\/posts\/14820\/revisions\/14822"}],"wp:featuredmedia":[{"embeddable":true,"href":"https:\/\/lastenvelomannheim.de\/index.php?rest_route=\/wp\/v2\/media\/14821"}],"wp:attachment":[{"href":"https:\/\/lastenvelomannheim.de\/index.php?rest_route=%2Fwp%2Fv2%2Fmedia&parent=14820"}],"wp:term":[{"taxonomy":"category","embeddable":true,"href":"https:\/\/lastenvelomannheim.de\/index.php?rest_route=%2Fwp%2Fv2%2Fcategories&post=14820"},{"taxonomy":"post_tag","embeddable":true,"href":"https:\/\/lastenvelomannheim.de\/index.php?rest_route=%2Fwp%2Fv2%2Ftags&post=14820"}],"curies":[{"name":"wp","href":"https:\/\/api.w.org\/{rel}","templated":true}]}}