{"id":14773,"date":"2025-12-18T12:48:06","date_gmt":"2025-12-18T11:48:06","guid":{"rendered":"https:\/\/lastenvelomannheim.de\/?p=14773"},"modified":"2025-12-18T15:13:18","modified_gmt":"2025-12-18T14:13:18","slug":"besucht-uns-beim-neujahrsempfang-der-stadt-mannheim","status":"publish","type":"post","link":"https:\/\/lastenvelomannheim.de\/?p=14773","title":{"rendered":"Besucht uns beim Neujahrsempfang am 6. Januar 2026"},"content":{"rendered":"\n<p><\/p>\n\n\n\n<p>Am <strong>6. Januar<\/strong> \u00f6ffnet das <strong>Congress Center Rosengarten<\/strong> seine T\u00fcren f\u00fcr den <strong>Neujahrsempfang der Stadt Mannheim<\/strong> \u2013 und wir sind mit einem eigenen Stand dabei.<\/p>\n\n\n\n<p>Unter dem diesj\u00e4hrigen Motto <strong>\u201eMANNHEIM: MENSCHEN. MUT. IDEEN.\u201c<\/strong> erwartet die Besucherinnen und Besucher eine gro\u00dfe, interaktive Ausstellung. Rund <strong>250 Mannheimer Vereine, Initiativen und Institutionen<\/strong> zeigen, wie kreativ, solidarisch und zukunftsorientiert unsere Stadt ist, mit unseren Lastenr\u00e4dern und Mobilit\u00e4tsideen f\u00fcr alle.<\/p>\n\n\n\n<h3 class=\"wp-block-heading\">Was dich an unserem Stand erwartet<\/h3>\n\n\n\n<p><\/p>\n\n\n\n<ul class=\"wp-block-list\">\n<li>LaMa Buttons selbst pressen <\/li>\n\n\n\n<li>Informationen zu <strong><a href=\"https:\/\/lastenvelomannheim.de\/?cb_item=erika\" data-type=\"cb_item\" data-id=\"7265\">ERika<\/a><\/strong>, unserer Fahrradrikscha<\/li>\n\n\n\n<li>Einblicke in <strong><a href=\"https:\/\/lastenvelomannheim.de\/?cb_item=billie\" data-type=\"cb_item\" data-id=\"2399\">Billie<\/a><\/strong>, das Rollstuhlrad f\u00fcr inklusive Mobilit\u00e4t<\/li>\n\n\n\n<li>Wissenswertes \u00fcber <strong><a href=\"https:\/\/lastenvelomannheim.de\/?cb_item=carla\" data-type=\"cb_item\" data-id=\"10649\">Carla<\/a><\/strong>, unseren vielseitigen Lastenanh\u00e4nger<\/li>\n\n\n\n<li>Austausch \u00fcber nachhaltige, gemeinschaftliche und barrierearme Mobilit\u00e4t in Mannheim<\/li>\n<\/ul>\n\n\n\n<figure class=\"wp-block-gallery has-nested-images columns-default is-cropped wp-block-gallery-1 is-layout-flex wp-block-gallery-is-layout-flex\">\n<figure class=\"wp-block-image size-large\"><a href=\"https:\/\/lastenvelomannheim.de\/?cb_item=erika\"><img loading=\"lazy\" decoding=\"async\" width=\"916\" height=\"1024\" data-id=\"14779\" src=\"https:\/\/lastenvelomannheim.de\/wp-content\/uploads\/2025\/12\/erika-916x1024.jpg\" alt=\"\" class=\"wp-image-14779\" srcset=\"https:\/\/lastenvelomannheim.de\/wp-content\/uploads\/2025\/12\/erika-916x1024.jpg 916w, https:\/\/lastenvelomannheim.de\/wp-content\/uploads\/2025\/12\/erika-268x300.jpg 268w, https:\/\/lastenvelomannheim.de\/wp-content\/uploads\/2025\/12\/erika-768x859.jpg 768w, https:\/\/lastenvelomannheim.de\/wp-content\/uploads\/2025\/12\/erika-54x60.jpg 54w, https:\/\/lastenvelomannheim.de\/wp-content\/uploads\/2025\/12\/erika-89x100.jpg 89w, https:\/\/lastenvelomannheim.de\/wp-content\/uploads\/2025\/12\/erika.jpg 1000w\" sizes=\"auto, (max-width: 706px) 89vw, (max-width: 767px) 82vw, 740px\" \/><\/a><\/figure>\n\n\n\n<figure class=\"wp-block-image size-large\"><a href=\"https:\/\/lastenvelomannheim.de\/?cb_item=billie\"><img loading=\"lazy\" decoding=\"async\" width=\"768\" height=\"1024\" data-id=\"14777\" src=\"https:\/\/lastenvelomannheim.de\/wp-content\/uploads\/2025\/12\/Billie-768x1024.jpg\" alt=\"\" class=\"wp-image-14777\" srcset=\"https:\/\/lastenvelomannheim.de\/wp-content\/uploads\/2025\/12\/Billie-768x1024.jpg 768w, https:\/\/lastenvelomannheim.de\/wp-content\/uploads\/2025\/12\/Billie-225x300.jpg 225w, https:\/\/lastenvelomannheim.de\/wp-content\/uploads\/2025\/12\/Billie-45x60.jpg 45w, https:\/\/lastenvelomannheim.de\/wp-content\/uploads\/2025\/12\/Billie-75x100.jpg 75w, https:\/\/lastenvelomannheim.de\/wp-content\/uploads\/2025\/12\/Billie.jpg 1000w\" sizes=\"auto, (max-width: 706px) 89vw, (max-width: 767px) 82vw, 740px\" \/><\/a><\/figure>\n<\/figure>\n\n\n\n<figure class=\"wp-block-gallery has-nested-images columns-default is-cropped wp-block-gallery-2 is-layout-flex wp-block-gallery-is-layout-flex\">\n<figure class=\"wp-block-image size-full\"><a href=\"https:\/\/lastenvelomannheim.de\/?cb_item=carla\"><img loading=\"lazy\" decoding=\"async\" width=\"1333\" height=\"1000\" data-id=\"14778\" src=\"https:\/\/lastenvelomannheim.de\/wp-content\/uploads\/2025\/12\/Carla1.jpg\" alt=\"\" class=\"wp-image-14778\" srcset=\"https:\/\/lastenvelomannheim.de\/wp-content\/uploads\/2025\/12\/Carla1.jpg 1333w, https:\/\/lastenvelomannheim.de\/wp-content\/uploads\/2025\/12\/Carla1-300x225.jpg 300w, https:\/\/lastenvelomannheim.de\/wp-content\/uploads\/2025\/12\/Carla1-1024x768.jpg 1024w, https:\/\/lastenvelomannheim.de\/wp-content\/uploads\/2025\/12\/Carla1-768x576.jpg 768w, https:\/\/lastenvelomannheim.de\/wp-content\/uploads\/2025\/12\/Carla1-60x45.jpg 60w, https:\/\/lastenvelomannheim.de\/wp-content\/uploads\/2025\/12\/Carla1-100x75.jpg 100w\" sizes=\"auto, (max-width: 706px) 89vw, (max-width: 767px) 82vw, 740px\" \/><\/a><\/figure>\n<\/figure>\n\n\n\n<p>Wir freuen uns auf Gespr\u00e4che, neue Gesichter und alle, die Lust haben, mehr \u00fcber unsere Arbeit zu erfahren oder selbst aktiv zu werden. Ob neugierig, engagiert oder einfach spontan vorbeischauend \u2013 komm vorbei und lerne uns kennen.<\/p>\n\n\n\n<h3 class=\"wp-block-heading\">Wo du uns findest:<\/h3>\n\n\n\n<p><strong>Congress Center Rosengarten<\/strong><br>6. Januar, 10 &#8211; 17 Uhr<br>Erdgeschoss<br>Bereich Internationales \/ Integration \/ Vielfalt<br><br><\/p>\n\n\n\n<p>Weitere Infos findest Du unter <a href=\"http:\/\/www.mannheim.de\/neujahrsempfang\">www.mannheim.de\/neujahrsempfang<\/a>. <br>Wir freuen uns auf Deinen Besuch.<\/p>\n","protected":false},"excerpt":{"rendered":"<p>Am 6. Januar \u00f6ffnet das Congress Center Rosengarten seine T\u00fcren f\u00fcr den Neujahrsempfang der Stadt Mannheim \u2013 und wir sind mit einem eigenen Stand dabei. Unter dem diesj\u00e4hrigen Motto \u201eMANNHEIM: MENSCHEN. MUT. IDEEN.\u201c erwartet die Besucherinnen und Besucher eine gro\u00dfe, interaktive Ausstellung. Rund 250 Mannheimer Vereine, Initiativen und Institutionen zeigen, wie kreativ, solidarisch und zukunftsorientiert &hellip; <\/p>\n<p class=\"link-more\"><a href=\"https:\/\/lastenvelomannheim.de\/?p=14773\" class=\"more-link\"><span class=\"screen-reader-text\">\u201eBesucht uns beim Neujahrsempfang am 6. Januar 2026\u201c <\/span>weiterlesen<\/a><\/p>\n","protected":false},"author":151,"featured_media":14774,"comment_status":"closed","ping_status":"open","sticky":false,"template":"","format":"standard","meta":{"footnotes":""},"categories":[1],"tags":[],"class_list":["post-14773","post","type-post","status-publish","format-standard","has-post-thumbnail","hentry","category-allgemein"],"_links":{"self":[{"href":"https:\/\/lastenvelomannheim.de\/index.php?rest_route=\/wp\/v2\/posts\/14773","targetHints":{"allow":["GET"]}}],"collection":[{"href":"https:\/\/lastenvelomannheim.de\/index.php?rest_route=\/wp\/v2\/posts"}],"about":[{"href":"https:\/\/lastenvelomannheim.de\/index.php?rest_route=\/wp\/v2\/types\/post"}],"author":[{"embeddable":true,"href":"https:\/\/lastenvelomannheim.de\/index.php?rest_route=\/wp\/v2\/users\/151"}],"replies":[{"embeddable":true,"href":"https:\/\/lastenvelomannheim.de\/index.php?rest_route=%2Fwp%2Fv2%2Fcomments&post=14773"}],"version-history":[{"count":11,"href":"https:\/\/lastenvelomannheim.de\/index.php?rest_route=\/wp\/v2\/posts\/14773\/revisions"}],"predecessor-version":[{"id":14794,"href":"https:\/\/lastenvelomannheim.de\/index.php?rest_route=\/wp\/v2\/posts\/14773\/revisions\/14794"}],"wp:featuredmedia":[{"embeddable":true,"href":"https:\/\/lastenvelomannheim.de\/index.php?rest_route=\/wp\/v2\/media\/14774"}],"wp:attachment":[{"href":"https:\/\/lastenvelomannheim.de\/index.php?rest_route=%2Fwp%2Fv2%2Fmedia&parent=14773"}],"wp:term":[{"taxonomy":"category","embeddable":true,"href":"https:\/\/lastenvelomannheim.de\/index.php?rest_route=%2Fwp%2Fv2%2Fcategories&post=14773"},{"taxonomy":"post_tag","embeddable":true,"href":"https:\/\/lastenvelomannheim.de\/index.php?rest_route=%2Fwp%2Fv2%2Ftags&post=14773"}],"curies":[{"name":"wp","href":"https:\/\/api.w.org\/{rel}","templated":true}]}}