{"id":14505,"date":"2025-11-20T18:58:08","date_gmt":"2025-11-20T17:58:08","guid":{"rendered":"https:\/\/lastenvelomannheim.de\/?p=14505"},"modified":"2025-11-20T19:58:02","modified_gmt":"2025-11-20T18:58:02","slug":"advent-im-sueden-weihnachtsgeschichten-am-lama-container","status":"publish","type":"post","link":"https:\/\/lastenvelomannheim.de\/?p=14505","title":{"rendered":"Advent im S\u00fcden &#8211; Weihnachtsgeschichten am LaMa-Container"},"content":{"rendered":"\n<p>Im Dezember k\u00f6nnt ihr bei Advent im S\u00fcden (von K\u00e4fertal in Mannheim) fast jeden Tag eine weihnachtliche Veranstaltung besuchen. Am <strong>2. Dezember um 17:30 Uhr<\/strong> laden wir euch herzlich zu einem besonderen Abend am <strong>LaMa-Container auf Spinelli<\/strong> ein. Direkt neben der Bushaltestelle <strong>Chisinauer Platz<\/strong> gelegen, dreht sich an diesem Abend alles um weihnachtliche Geschichten \u2013 und um einen Blick \u00fcber den Tellerrand.<\/p>\n\n\n\n<p>Da die Bushaltestelle ihren Namen aus <strong>Chi\u015fin\u0103u<\/strong>, der Hauptstadt Moldawiens, tr\u00e4gt, erz\u00e4hlen wir nicht nur Weihnachtsgeschichten von und mit Lamas, sondern geben auch spannende Einblicke, wie Weihnachten in Moldawien gefeiert wird \ud83d\ude42<\/p>\n\n\n\n<p>Kommt vorbei, bringt eure Freunde und  Familien mit und genie\u00dft eine Zeit voller Geschichten, Lichterstimmung und Vorfreude auf die Adventszeit.<\/p>\n\n\n\n<p>Mehr Informationen auf <a href=\"https:\/\/willkommenimsueden.com\/advent-im-sueden\/\">www.adventimsueden.de<\/a><\/p>\n\n\n\n<figure class=\"wp-block-image size-large\"><img loading=\"lazy\" decoding=\"async\" width=\"717\" height=\"1024\" src=\"https:\/\/lastenvelomannheim.de\/wp-content\/uploads\/2025\/11\/Advent-im-sueden-seite1-1500px-717x1024.jpg\" alt=\"\" class=\"wp-image-14509\" srcset=\"https:\/\/lastenvelomannheim.de\/wp-content\/uploads\/2025\/11\/Advent-im-sueden-seite1-1500px-717x1024.jpg 717w, https:\/\/lastenvelomannheim.de\/wp-content\/uploads\/2025\/11\/Advent-im-sueden-seite1-1500px-210x300.jpg 210w, https:\/\/lastenvelomannheim.de\/wp-content\/uploads\/2025\/11\/Advent-im-sueden-seite1-1500px-768x1097.jpg 768w, https:\/\/lastenvelomannheim.de\/wp-content\/uploads\/2025\/11\/Advent-im-sueden-seite1-1500px-42x60.jpg 42w, https:\/\/lastenvelomannheim.de\/wp-content\/uploads\/2025\/11\/Advent-im-sueden-seite1-1500px-70x100.jpg 70w, https:\/\/lastenvelomannheim.de\/wp-content\/uploads\/2025\/11\/Advent-im-sueden-seite1-1500px.jpg 1050w\" sizes=\"auto, (max-width: 717px) 100vw, 717px\" \/><\/figure>\n\n\n\n<figure class=\"wp-block-image size-large\"><img loading=\"lazy\" decoding=\"async\" width=\"736\" height=\"1024\" src=\"https:\/\/lastenvelomannheim.de\/wp-content\/uploads\/2025\/11\/Advent-im-sueden-seite2-1500px-736x1024.jpg\" alt=\"\" class=\"wp-image-14510\" srcset=\"https:\/\/lastenvelomannheim.de\/wp-content\/uploads\/2025\/11\/Advent-im-sueden-seite2-1500px-736x1024.jpg 736w, https:\/\/lastenvelomannheim.de\/wp-content\/uploads\/2025\/11\/Advent-im-sueden-seite2-1500px-216x300.jpg 216w, https:\/\/lastenvelomannheim.de\/wp-content\/uploads\/2025\/11\/Advent-im-sueden-seite2-1500px-768x1069.jpg 768w, https:\/\/lastenvelomannheim.de\/wp-content\/uploads\/2025\/11\/Advent-im-sueden-seite2-1500px-43x60.jpg 43w, https:\/\/lastenvelomannheim.de\/wp-content\/uploads\/2025\/11\/Advent-im-sueden-seite2-1500px-72x100.jpg 72w, https:\/\/lastenvelomannheim.de\/wp-content\/uploads\/2025\/11\/Advent-im-sueden-seite2-1500px.jpg 1078w\" sizes=\"auto, (max-width: 736px) 100vw, 736px\" \/><\/figure>\n","protected":false},"excerpt":{"rendered":"<p>Im Dezember k\u00f6nnt ihr bei Advent im S\u00fcden (von K\u00e4fertal in Mannheim) fast jeden Tag eine weihnachtliche Veranstaltung besuchen. Am 2. Dezember um 17:30 Uhr laden wir euch herzlich zu einem besonderen Abend am LaMa-Container auf Spinelli ein. Direkt neben der Bushaltestelle Chisinauer Platz gelegen, dreht sich an diesem Abend alles um weihnachtliche Geschichten \u2013 &hellip; <\/p>\n<p class=\"link-more\"><a href=\"https:\/\/lastenvelomannheim.de\/?p=14505\" class=\"more-link\"><span class=\"screen-reader-text\">\u201eAdvent im S\u00fcden &#8211; Weihnachtsgeschichten am LaMa-Container\u201c <\/span>weiterlesen<\/a><\/p>\n","protected":false},"author":151,"featured_media":14506,"comment_status":"closed","ping_status":"open","sticky":false,"template":"","format":"standard","meta":{"footnotes":""},"categories":[1],"tags":[],"class_list":["post-14505","post","type-post","status-publish","format-standard","has-post-thumbnail","hentry","category-allgemein"],"_links":{"self":[{"href":"https:\/\/lastenvelomannheim.de\/index.php?rest_route=\/wp\/v2\/posts\/14505","targetHints":{"allow":["GET"]}}],"collection":[{"href":"https:\/\/lastenvelomannheim.de\/index.php?rest_route=\/wp\/v2\/posts"}],"about":[{"href":"https:\/\/lastenvelomannheim.de\/index.php?rest_route=\/wp\/v2\/types\/post"}],"author":[{"embeddable":true,"href":"https:\/\/lastenvelomannheim.de\/index.php?rest_route=\/wp\/v2\/users\/151"}],"replies":[{"embeddable":true,"href":"https:\/\/lastenvelomannheim.de\/index.php?rest_route=%2Fwp%2Fv2%2Fcomments&post=14505"}],"version-history":[{"count":5,"href":"https:\/\/lastenvelomannheim.de\/index.php?rest_route=\/wp\/v2\/posts\/14505\/revisions"}],"predecessor-version":[{"id":14515,"href":"https:\/\/lastenvelomannheim.de\/index.php?rest_route=\/wp\/v2\/posts\/14505\/revisions\/14515"}],"wp:featuredmedia":[{"embeddable":true,"href":"https:\/\/lastenvelomannheim.de\/index.php?rest_route=\/wp\/v2\/media\/14506"}],"wp:attachment":[{"href":"https:\/\/lastenvelomannheim.de\/index.php?rest_route=%2Fwp%2Fv2%2Fmedia&parent=14505"}],"wp:term":[{"taxonomy":"category","embeddable":true,"href":"https:\/\/lastenvelomannheim.de\/index.php?rest_route=%2Fwp%2Fv2%2Fcategories&post=14505"},{"taxonomy":"post_tag","embeddable":true,"href":"https:\/\/lastenvelomannheim.de\/index.php?rest_route=%2Fwp%2Fv2%2Ftags&post=14505"}],"curies":[{"name":"wp","href":"https:\/\/api.w.org\/{rel}","templated":true}]}}