{"id":12996,"date":"2025-07-22T22:39:55","date_gmt":"2025-07-22T20:39:55","guid":{"rendered":"https:\/\/lastenvelomannheim.de\/?p=12996"},"modified":"2025-07-22T22:43:53","modified_gmt":"2025-07-22T20:43:53","slug":"probefahren-und-kinderaktionen-bei-monnem-bike-das-festival","status":"publish","type":"post","link":"https:\/\/lastenvelomannheim.de\/?p=12996","title":{"rendered":"Probefahren und Kinderaktionen bei Monnem Bike &#8211; Das Festival"},"content":{"rendered":"\n<p>\u201eMONNEM BIKE\u201c ist das gro\u00dfe allj\u00e4hrliche Fahrradfestival in der Stadt, wo alles begann. Denn 1817 erfand Karl Drais in Mannheim den Vorl\u00e4ufer des Fahrrads. Mit neuem Ort und neuen Highlights feiert das Fahrradfestival erstmals auf Spinelli rund um die U-Halle am 26. Juli von 11 &#8211; 20 Uhr.<\/p>\n\n\n\n<p><strong>B\u00e4llewerfen und LaMa-Buttons<\/strong><br>LaMa bietet Kindern nicht nur Probefahrten in Lastenr\u00e4dern am Stand, sondern Kinder und auch Erwachsene k\u00f6nnen beim B\u00e4llewerfen eine sch\u00f6nes Mitbringsel nach Hause bringen. Jede Gewinnerin und jeder Gewinner darf sich n\u00e4mlich selber einen eigenen LaMa-Button an unserer Buttonmaschine pressen.  <\/p>\n\n\n\n<figure class=\"wp-block-gallery has-nested-images columns-default is-cropped wp-block-gallery-1 is-layout-flex wp-block-gallery-is-layout-flex\">\n<figure class=\"wp-block-image size-large\"><img loading=\"lazy\" decoding=\"async\" width=\"471\" height=\"600\" data-id=\"13002\" src=\"https:\/\/lastenvelomannheim.de\/wp-content\/uploads\/2025\/07\/IMG_9700.jpg\" alt=\"\" class=\"wp-image-13002\" srcset=\"https:\/\/lastenvelomannheim.de\/wp-content\/uploads\/2025\/07\/IMG_9700.jpg 471w, https:\/\/lastenvelomannheim.de\/wp-content\/uploads\/2025\/07\/IMG_9700-236x300.jpg 236w, https:\/\/lastenvelomannheim.de\/wp-content\/uploads\/2025\/07\/IMG_9700-47x60.jpg 47w, https:\/\/lastenvelomannheim.de\/wp-content\/uploads\/2025\/07\/IMG_9700-79x100.jpg 79w\" sizes=\"auto, (max-width: 471px) 100vw, 471px\" \/><\/figure>\n\n\n\n<figure class=\"wp-block-image size-large\"><img loading=\"lazy\" decoding=\"async\" width=\"450\" height=\"600\" data-id=\"13000\" src=\"https:\/\/lastenvelomannheim.de\/wp-content\/uploads\/2025\/07\/20240629_140502.jpg\" alt=\"\" class=\"wp-image-13000\" srcset=\"https:\/\/lastenvelomannheim.de\/wp-content\/uploads\/2025\/07\/20240629_140502.jpg 450w, https:\/\/lastenvelomannheim.de\/wp-content\/uploads\/2025\/07\/20240629_140502-225x300.jpg 225w, https:\/\/lastenvelomannheim.de\/wp-content\/uploads\/2025\/07\/20240629_140502-45x60.jpg 45w, https:\/\/lastenvelomannheim.de\/wp-content\/uploads\/2025\/07\/20240629_140502-75x100.jpg 75w\" sizes=\"auto, (max-width: 450px) 100vw, 450px\" \/><\/figure>\n\n\n\n<figure class=\"wp-block-image size-large is-style-default\"><img loading=\"lazy\" decoding=\"async\" width=\"450\" height=\"600\" data-id=\"13001\" src=\"https:\/\/lastenvelomannheim.de\/wp-content\/uploads\/2025\/07\/20240629_140431.jpg\" alt=\"\" class=\"wp-image-13001\" srcset=\"https:\/\/lastenvelomannheim.de\/wp-content\/uploads\/2025\/07\/20240629_140431.jpg 450w, https:\/\/lastenvelomannheim.de\/wp-content\/uploads\/2025\/07\/20240629_140431-225x300.jpg 225w, https:\/\/lastenvelomannheim.de\/wp-content\/uploads\/2025\/07\/20240629_140431-45x60.jpg 45w, https:\/\/lastenvelomannheim.de\/wp-content\/uploads\/2025\/07\/20240629_140431-75x100.jpg 75w\" sizes=\"auto, (max-width: 450px) 100vw, 450px\" \/><\/figure>\n\n\n\n<figure class=\"wp-block-image size-full\"><img loading=\"lazy\" decoding=\"async\" width=\"740\" height=\"725\" data-id=\"13005\" src=\"https:\/\/lastenvelomannheim.de\/wp-content\/uploads\/2025\/07\/IMG_9704-1.jpg\" alt=\"\" class=\"wp-image-13005\" srcset=\"https:\/\/lastenvelomannheim.de\/wp-content\/uploads\/2025\/07\/IMG_9704-1.jpg 740w, https:\/\/lastenvelomannheim.de\/wp-content\/uploads\/2025\/07\/IMG_9704-1-300x294.jpg 300w, https:\/\/lastenvelomannheim.de\/wp-content\/uploads\/2025\/07\/IMG_9704-1-60x60.jpg 60w, https:\/\/lastenvelomannheim.de\/wp-content\/uploads\/2025\/07\/IMG_9704-1-100x98.jpg 100w\" sizes=\"auto, (max-width: 706px) 89vw, (max-width: 767px) 82vw, 740px\" \/><\/figure>\n<\/figure>\n\n\n\n<p><strong>Livemusik, Akrobatik, Clowns und Infost\u00e4nde<\/strong><br>Mehrere Aktionsfl\u00e4chen bieten Fahrradkunst, spektakul\u00e4re Shows und Workshops, Infost\u00e4nde und Mitmach-Aktionen, Chillout-Areas und B\u00fchnenprogramm mit Livemusik. Beim Mannheimer Radsalon und dem Gebrauchtradmarkt stehen verschiedenste Fahrr\u00e4der zur Testfahrt bereit. Daneben gibt es kostenlose Radchecks und Ergonomieberatung, Fahrradcodierung und eine Helmberatung.<\/p>\n\n\n\n<p><a href=\"https:\/\/monnem-bike.de\/monnem-bike-das-festival\/\"><strong><mark style=\"background-color:rgba(0, 0, 0, 0)\" class=\"has-inline-color has-vivid-cyan-blue-color\">Das komplette Programm und der Flyer von Monnem Bike<\/mark><\/strong><\/a><\/p>\n","protected":false},"excerpt":{"rendered":"<p>\u201eMONNEM BIKE\u201c ist das gro\u00dfe allj\u00e4hrliche Fahrradfestival in der Stadt, wo alles begann. Denn 1817 erfand Karl Drais in Mannheim den Vorl\u00e4ufer des Fahrrads. Mit neuem Ort und neuen Highlights feiert das Fahrradfestival erstmals auf Spinelli rund um die U-Halle am 26. Juli von 11 &#8211; 20 Uhr. B\u00e4llewerfen und LaMa-ButtonsLaMa bietet Kindern nicht nur &hellip; <\/p>\n<p class=\"link-more\"><a href=\"https:\/\/lastenvelomannheim.de\/?p=12996\" class=\"more-link\"><span class=\"screen-reader-text\">\u201eProbefahren und Kinderaktionen bei Monnem Bike &#8211; Das Festival\u201c <\/span>weiterlesen<\/a><\/p>\n","protected":false},"author":151,"featured_media":12997,"comment_status":"closed","ping_status":"open","sticky":false,"template":"","format":"standard","meta":{"footnotes":""},"categories":[1],"tags":[],"class_list":["post-12996","post","type-post","status-publish","format-standard","has-post-thumbnail","hentry","category-allgemein"],"_links":{"self":[{"href":"https:\/\/lastenvelomannheim.de\/index.php?rest_route=\/wp\/v2\/posts\/12996","targetHints":{"allow":["GET"]}}],"collection":[{"href":"https:\/\/lastenvelomannheim.de\/index.php?rest_route=\/wp\/v2\/posts"}],"about":[{"href":"https:\/\/lastenvelomannheim.de\/index.php?rest_route=\/wp\/v2\/types\/post"}],"author":[{"embeddable":true,"href":"https:\/\/lastenvelomannheim.de\/index.php?rest_route=\/wp\/v2\/users\/151"}],"replies":[{"embeddable":true,"href":"https:\/\/lastenvelomannheim.de\/index.php?rest_route=%2Fwp%2Fv2%2Fcomments&post=12996"}],"version-history":[{"count":4,"href":"https:\/\/lastenvelomannheim.de\/index.php?rest_route=\/wp\/v2\/posts\/12996\/revisions"}],"predecessor-version":[{"id":13006,"href":"https:\/\/lastenvelomannheim.de\/index.php?rest_route=\/wp\/v2\/posts\/12996\/revisions\/13006"}],"wp:featuredmedia":[{"embeddable":true,"href":"https:\/\/lastenvelomannheim.de\/index.php?rest_route=\/wp\/v2\/media\/12997"}],"wp:attachment":[{"href":"https:\/\/lastenvelomannheim.de\/index.php?rest_route=%2Fwp%2Fv2%2Fmedia&parent=12996"}],"wp:term":[{"taxonomy":"category","embeddable":true,"href":"https:\/\/lastenvelomannheim.de\/index.php?rest_route=%2Fwp%2Fv2%2Fcategories&post=12996"},{"taxonomy":"post_tag","embeddable":true,"href":"https:\/\/lastenvelomannheim.de\/index.php?rest_route=%2Fwp%2Fv2%2Ftags&post=12996"}],"curies":[{"name":"wp","href":"https:\/\/api.w.org\/{rel}","templated":true}]}}