{"id":12511,"date":"2025-05-30T10:58:12","date_gmt":"2025-05-30T08:58:12","guid":{"rendered":"https:\/\/lastenvelomannheim.de\/?p=12511"},"modified":"2025-06-14T11:07:21","modified_gmt":"2025-06-14T09:07:21","slug":"radaktion-mit-rollirad-und-rikscha-verschenkte-42-mal-freude-im-mai","status":"publish","type":"post","link":"https:\/\/lastenvelomannheim.de\/?p=12511","title":{"rendered":"Radaktionswoche im Mai mit Rollirad und Rikscha verschenkte 42-mal Freude"},"content":{"rendered":"\n<p>Dank einer Spende der VR Bank Rhein-Neckar eG im Rahmen des Programms <strong><mark style=\"background-color:rgba(0, 0, 0, 0)\" class=\"has-inline-color has-vivid-cyan-blue-color\"><a href=\"https:\/\/www.rheinneckarhelden.de\/\">RheinNeckarHelden<\/a> <\/mark><\/strong>und einer Spende von Roche konnten wir f\u00fcr dieses Jahr wieder Radaktionen planen, Kosten f\u00fcr Versicherungen, Wartung, Reparaturen und Ausgaben w\u00e4hrend der Fahrten finanzieren<\/p>\n\n\n\n<p>Die <a href=\"https:\/\/lastenvelomannheim.de\/?cb_item=erika\"><strong><mark style=\"background-color:rgba(0, 0, 0, 0)\" class=\"has-inline-color has-vivid-cyan-blue-color\">Rischka ERika<\/mark><\/strong><\/a> und das<mark style=\"background-color:rgba(0, 0, 0, 0)\" class=\"has-inline-color has-vivid-cyan-blue-color\"> <\/mark><strong><a href=\"https:\/\/lastenvelomannheim.de\/?cb_item=billie\">Rollstuhltransportrad Billie <\/a><\/strong>waren gemeinsam auf Tour. Insgesamt fuhren 42 Personen aus vier Einrichtungen in Mannheim mit 14 freiwilligen RadlerInnen. Daf\u00fcr fanden vorab drei Einweisungstermine statt, in denen neue PilotInnen den &#8220;F\u00fchrerschein&#8221; f\u00fcr Billie und Erika erwarben und erfahrene PilotInnen zur Auffrischung ihrer Kenntnisse kommen konnten.<\/p>\n\n\n\n<p>Teil nahmen die Einrichtungen  Wohnhaus Wallstadt und Wohnhaus Gartenstadt der Gemeindediakonie, das Maria Frieden Pflegezentrum und die Ida Scipio Altenpflege.<\/p>\n\n\n\n<figure class=\"wp-block-gallery has-nested-images columns-default is-cropped wp-block-gallery-1 is-layout-flex wp-block-gallery-is-layout-flex\">\n<figure class=\"wp-block-image size-large\"><img loading=\"lazy\" decoding=\"async\" width=\"893\" height=\"1024\" data-id=\"12569\" src=\"https:\/\/lastenvelomannheim.de\/wp-content\/uploads\/2025\/06\/signal-2025-06-11-094450_005-893x1024.jpg\" alt=\"\" class=\"wp-image-12569\" srcset=\"https:\/\/lastenvelomannheim.de\/wp-content\/uploads\/2025\/06\/signal-2025-06-11-094450_005-893x1024.jpg 893w, https:\/\/lastenvelomannheim.de\/wp-content\/uploads\/2025\/06\/signal-2025-06-11-094450_005-262x300.jpg 262w, https:\/\/lastenvelomannheim.de\/wp-content\/uploads\/2025\/06\/signal-2025-06-11-094450_005-768x881.jpg 768w, https:\/\/lastenvelomannheim.de\/wp-content\/uploads\/2025\/06\/signal-2025-06-11-094450_005-52x60.jpg 52w, https:\/\/lastenvelomannheim.de\/wp-content\/uploads\/2025\/06\/signal-2025-06-11-094450_005-87x100.jpg 87w, https:\/\/lastenvelomannheim.de\/wp-content\/uploads\/2025\/06\/signal-2025-06-11-094450_005.jpg 1046w\" sizes=\"auto, (max-width: 706px) 89vw, (max-width: 767px) 82vw, 740px\" \/><\/figure>\n\n\n\n<figure class=\"wp-block-image size-large\"><img loading=\"lazy\" decoding=\"async\" width=\"771\" height=\"1024\" data-id=\"12567\" src=\"https:\/\/lastenvelomannheim.de\/wp-content\/uploads\/2025\/06\/signal-2025-06-11-094450_003-771x1024.jpg\" alt=\"\" class=\"wp-image-12567\" srcset=\"https:\/\/lastenvelomannheim.de\/wp-content\/uploads\/2025\/06\/signal-2025-06-11-094450_003-771x1024.jpg 771w, https:\/\/lastenvelomannheim.de\/wp-content\/uploads\/2025\/06\/signal-2025-06-11-094450_003-226x300.jpg 226w, https:\/\/lastenvelomannheim.de\/wp-content\/uploads\/2025\/06\/signal-2025-06-11-094450_003-768x1021.jpg 768w, https:\/\/lastenvelomannheim.de\/wp-content\/uploads\/2025\/06\/signal-2025-06-11-094450_003-45x60.jpg 45w, https:\/\/lastenvelomannheim.de\/wp-content\/uploads\/2025\/06\/signal-2025-06-11-094450_003-75x100.jpg 75w, https:\/\/lastenvelomannheim.de\/wp-content\/uploads\/2025\/06\/signal-2025-06-11-094450_003.jpg 903w\" sizes=\"auto, (max-width: 706px) 89vw, (max-width: 767px) 82vw, 740px\" \/><\/figure>\n\n\n\n<figure class=\"wp-block-image size-large\"><img loading=\"lazy\" decoding=\"async\" width=\"735\" height=\"1024\" data-id=\"12568\" src=\"https:\/\/lastenvelomannheim.de\/wp-content\/uploads\/2025\/06\/signal-2025-06-11-094450_004-735x1024.jpg\" alt=\"\" class=\"wp-image-12568\" srcset=\"https:\/\/lastenvelomannheim.de\/wp-content\/uploads\/2025\/06\/signal-2025-06-11-094450_004-735x1024.jpg 735w, https:\/\/lastenvelomannheim.de\/wp-content\/uploads\/2025\/06\/signal-2025-06-11-094450_004-215x300.jpg 215w, https:\/\/lastenvelomannheim.de\/wp-content\/uploads\/2025\/06\/signal-2025-06-11-094450_004-768x1070.jpg 768w, https:\/\/lastenvelomannheim.de\/wp-content\/uploads\/2025\/06\/signal-2025-06-11-094450_004-43x60.jpg 43w, https:\/\/lastenvelomannheim.de\/wp-content\/uploads\/2025\/06\/signal-2025-06-11-094450_004-72x100.jpg 72w, https:\/\/lastenvelomannheim.de\/wp-content\/uploads\/2025\/06\/signal-2025-06-11-094450_004.jpg 861w\" sizes=\"auto, (max-width: 735px) 100vw, 735px\" \/><\/figure>\n\n\n\n<figure class=\"wp-block-image size-large\"><img loading=\"lazy\" decoding=\"async\" width=\"1024\" height=\"744\" data-id=\"12565\" src=\"https:\/\/lastenvelomannheim.de\/wp-content\/uploads\/2025\/06\/signal-2025-06-11-094450-1024x744.jpg\" alt=\"\" class=\"wp-image-12565\" srcset=\"https:\/\/lastenvelomannheim.de\/wp-content\/uploads\/2025\/06\/signal-2025-06-11-094450-1024x744.jpg 1024w, https:\/\/lastenvelomannheim.de\/wp-content\/uploads\/2025\/06\/signal-2025-06-11-094450-300x218.jpg 300w, https:\/\/lastenvelomannheim.de\/wp-content\/uploads\/2025\/06\/signal-2025-06-11-094450-768x558.jpg 768w, https:\/\/lastenvelomannheim.de\/wp-content\/uploads\/2025\/06\/signal-2025-06-11-094450-60x44.jpg 60w, https:\/\/lastenvelomannheim.de\/wp-content\/uploads\/2025\/06\/signal-2025-06-11-094450-100x73.jpg 100w, https:\/\/lastenvelomannheim.de\/wp-content\/uploads\/2025\/06\/signal-2025-06-11-094450.jpg 1200w\" sizes=\"auto, (max-width: 706px) 89vw, (max-width: 767px) 82vw, 740px\" \/><\/figure>\n<\/figure>\n\n\n\n<p>Unsere RadlerInnen waren unterwegs im Herzogenriedpark und bewunderten die Bl\u00fctenpracht und den Bl\u00fctenduft der Rosen und beobachteten die St\u00f6rche mit ihren Jungen um den Vogelstangsee herum. Auf den Feldern haben Sie den Duft der letzten Erdbeeren, die in den Gew\u00e4chsh\u00e4usern reiften wahrgenommen. Im K\u00e4fertaler Wald waren sie ganz nah an der Kneippanlage und am Rotwildgehege.<\/p>\n\n\n\n<p>Es wurde dabei viel gelacht und geredet, Erinnerungen an den eigenen Garten, an Ausfl\u00fcge fr\u00fcher in der Jugend kamen wieder hoch. Dabei war auch ein altes Paar, welches k\u00fcssend und eng umschlungen die Fahrt genoss. Ein paar junge Mitfahrer unterst\u00fctzen mit Brummger\u00e4uschen den Motor des Fahrrades und jauchzten beim Bergabfahren vor Freude. Sie fragen am Ende der Fahrt: &#8220;Fahren wir morgen wieder?&#8221;.<\/p>\n\n\n\n<h2 class=\"wp-block-heading\">Die n\u00e4chste Radaktion findet am 4. &#8211; 10. August statt<\/h2>\n\n\n\n<p>Und wir kommen wieder! Billie und Erika sind in der Woche vom 4. August an unterschiedlichen Pflegeeinrichtungen in Mannheim und holen BewohnerInnen zu Ausfl\u00fcgen ab. Vorab finden Einweisungen f\u00fcr unsere freiwilligen PilotInnen statt. Du m\u00f6chtest auch bei solchen Radaktionen mitmachen? Melde dich gern unter <a href=\"mailto:lama.billie@lastenvelomannheim.de\"><strong><mark style=\"background-color:rgba(0, 0, 0, 0)\" class=\"has-inline-color has-vivid-cyan-blue-color\">lama.billie@lastenvelomannheim.de<\/mark><\/strong><\/a>.<\/p>\n","protected":false},"excerpt":{"rendered":"<p>Die Rischka und das Rollstuhltransportrad Billie waren gemeinsam auf Tour. Insgesamt fuhren 42 Personen aus vier Einrichtungen in Mannheim mit 14 freiwilligen RadlerInnen. Daf\u00fcr fanden vorab drei Einweisungstermine statt, in denen neue PilotInnen den &#8220;F\u00fchrerschein&#8221; f\u00fcr Billie und Erika erwarben und erfahrene PilotInnen zur Auffrischung ihrer Kenntnisse kommen konnten.<\/p>\n","protected":false},"author":151,"featured_media":12566,"comment_status":"closed","ping_status":"open","sticky":false,"template":"","format":"standard","meta":{"footnotes":""},"categories":[1],"tags":[],"class_list":["post-12511","post","type-post","status-publish","format-standard","has-post-thumbnail","hentry","category-allgemein"],"_links":{"self":[{"href":"https:\/\/lastenvelomannheim.de\/index.php?rest_route=\/wp\/v2\/posts\/12511","targetHints":{"allow":["GET"]}}],"collection":[{"href":"https:\/\/lastenvelomannheim.de\/index.php?rest_route=\/wp\/v2\/posts"}],"about":[{"href":"https:\/\/lastenvelomannheim.de\/index.php?rest_route=\/wp\/v2\/types\/post"}],"author":[{"embeddable":true,"href":"https:\/\/lastenvelomannheim.de\/index.php?rest_route=\/wp\/v2\/users\/151"}],"replies":[{"embeddable":true,"href":"https:\/\/lastenvelomannheim.de\/index.php?rest_route=%2Fwp%2Fv2%2Fcomments&post=12511"}],"version-history":[{"count":5,"href":"https:\/\/lastenvelomannheim.de\/index.php?rest_route=\/wp\/v2\/posts\/12511\/revisions"}],"predecessor-version":[{"id":12573,"href":"https:\/\/lastenvelomannheim.de\/index.php?rest_route=\/wp\/v2\/posts\/12511\/revisions\/12573"}],"wp:featuredmedia":[{"embeddable":true,"href":"https:\/\/lastenvelomannheim.de\/index.php?rest_route=\/wp\/v2\/media\/12566"}],"wp:attachment":[{"href":"https:\/\/lastenvelomannheim.de\/index.php?rest_route=%2Fwp%2Fv2%2Fmedia&parent=12511"}],"wp:term":[{"taxonomy":"category","embeddable":true,"href":"https:\/\/lastenvelomannheim.de\/index.php?rest_route=%2Fwp%2Fv2%2Fcategories&post=12511"},{"taxonomy":"post_tag","embeddable":true,"href":"https:\/\/lastenvelomannheim.de\/index.php?rest_route=%2Fwp%2Fv2%2Ftags&post=12511"}],"curies":[{"name":"wp","href":"https:\/\/api.w.org\/{rel}","templated":true}]}}