{"id":11763,"date":"2025-04-11T15:44:00","date_gmt":"2025-04-11T13:44:00","guid":{"rendered":"https:\/\/lastenvelomannheim.de\/?p=11763"},"modified":"2025-04-11T16:12:45","modified_gmt":"2025-04-11T14:12:45","slug":"neues-lastenrad-hedda-beim-markthaus-im-herzen-von-friedrichsfeld-ausleihbar","status":"publish","type":"post","link":"https:\/\/lastenvelomannheim.de\/?p=11763","title":{"rendered":"Neues Lastenrad &#8220;Hedda&#8221; beim Markthaus im Herzen von Friedrichsfeld ausleihbar"},"content":{"rendered":"\n<p>Am Freitag, dem 11. April wurde &#8220;Hedda&#8221;, feierlich zusammen mit der Gesch\u00e4ftsf\u00fchrerin Henrike Zeilfelder von Markthaus Mannheim, dem Filialleiter Roger Zimmermann vom Markthaus Friedrichsfeld, Mannheims B\u00fcrgermeister f\u00fcr Stadtentwicklung und Verkehrsplanung Ralf Eisenhauer und dem Zweiten LaMa Vorstand Matthias Philipp eingeweiht.&nbsp;<\/p>\n\n\n\n<p>Das Lastenrad kann ab sofort kostenlos und bis zu drei Tage am St\u00fcck von B\u00fcrgerinnen und B\u00fcrgern ausgeliehen werden. Es steht direkt vor der Filiale vom&nbsp;Markthaus Friedrichsfeld in der Vogesenstra\u00dfe 39. Das Markthaus Friedrichsfeld ist ein Lebensmittelmarkt und ein Inklusionsbetrieb&nbsp;der GBG Unternehmensgruppe.&nbsp;Es bietet einerseits ein breites Nahversorgungsangebot an und unterst\u00fctzt zudem Menschen mit Handicap durch einen sicheren Arbeitsplatz und Qualifikationsm\u00f6glichkeiten.<\/p>\n\n\n\n<figure class=\"wp-block-image size-full\"><img loading=\"lazy\" decoding=\"async\" width=\"700\" height=\"525\" src=\"https:\/\/lastenvelomannheim.de\/wp-content\/uploads\/2025\/04\/LaMa-Hedda-in-Friedrichsfeld_Foto-Pia-Kempe-8_700px.jpg\" alt=\"\" class=\"wp-image-11768\" srcset=\"https:\/\/lastenvelomannheim.de\/wp-content\/uploads\/2025\/04\/LaMa-Hedda-in-Friedrichsfeld_Foto-Pia-Kempe-8_700px.jpg 700w, https:\/\/lastenvelomannheim.de\/wp-content\/uploads\/2025\/04\/LaMa-Hedda-in-Friedrichsfeld_Foto-Pia-Kempe-8_700px-300x225.jpg 300w, https:\/\/lastenvelomannheim.de\/wp-content\/uploads\/2025\/04\/LaMa-Hedda-in-Friedrichsfeld_Foto-Pia-Kempe-8_700px-60x45.jpg 60w, https:\/\/lastenvelomannheim.de\/wp-content\/uploads\/2025\/04\/LaMa-Hedda-in-Friedrichsfeld_Foto-Pia-Kempe-8_700px-100x75.jpg 100w\" sizes=\"auto, (max-width: 700px) 100vw, 700px\" \/><\/figure>\n\n\n<div class=\"cb-wrapper cb-shortcode-items template-shortcode-items post-post has-post-thumbnail\"><div class=\"cb-list-header\">\n\t<div class=\"cb-thumbnail\"><img loading=\"lazy\" decoding=\"async\" width=\"100\" height=\"66\" src=\"https:\/\/lastenvelomannheim.de\/wp-content\/uploads\/2024\/08\/LaMa-Hedda-in-Friedrichsfeld_Foto-Pia-Kempe-8_1600px-100x66.jpg\" class=\"alignleft cb-image wp-post-image\" alt=\"\" \/><\/div>\t<div class=\"cb-list-info\">\n\t\t<h2><a href=\"https:\/\/lastenvelomannheim.de\/?cb_item=hedda\" class=\"cb-title cb-title-link\">#Hedda<\/a><\/h2>\n\t\tHedda ist ein zweir\u00e4driges Lastenrad, mit Frontloader von\u00a0Yuba vom Typ Supermarch\u00e9 mit elektrischer Unterst\u00fctzung bis 25km\/h. Es k\u00f6nnen zwei Kinder (ca. 1,5 \u2013 6 Jahre) angeschnallt werden.\t\t\t<\/div>\n<\/div><!-- .cb-list-header -->\n\n<div class=\"cb-wrapper cb-timeframe-withlocation template-timeframe-withlocation post-post has-post-thumbnail\">\n\n\n\n<div class=\"cb-list-info\">\n\t<h4 class=\"cb-title cb-location-title\">\n\t\t<a href=\" https:\/\/lastenvelomannheim.de\/?cb_location=markthaus-friedrichsfeld \">\n\t\t\tMarkthaus (Friedrichsfeld)\t\t<\/a>\n\t<\/h4>\n\t<div class=\"cb-dates cb-timeframe-dates\">\n\t\tHier verf\u00fcgbar dauerhaft<br>\t<\/div>\n<\/div>\n<div class=\"cb-action\">\n\t<a href=\"https:\/\/lastenvelomannheim.de\/?cb_item=hedda&#038;cb-location=11278\" class=\"cb-button\">Artikel buchen<\/a>\n<\/div>\n<\/div><\/div>\n\n\n\n<p>Das Markthaus unterst\u00fctzte die Standortsuche vom Verein LaMa, dessen Ziel es ist, in jedem Stadtbezirk ein kostenloses Lastenrad zu installieren. Der Filialleiter&nbsp;Roger&nbsp;Zimmermann war sofort begeistert von der Idee. Bei einem ersten Treffen mit Matthias Philipp, dem zweiten Vorstand von Verein LaMa, wurde der Standort des Lastenrades direkt vor dem Gesch\u00e4ft bestimmt. Herr Zimmermann sieht es als eine Erleichterung f\u00fcr Kundinnen und Kunden des Markthauses: \u201eSchwere Eink\u00e4ufe wie Getr\u00e4nke oder den Wocheneinkauf k\u00f6nnen unsere Kundinnen und Kunden nun einfach mit dem Lastenrad nach Hause bringen. Da auch Menschen mit wenig Geld das Rad gegen eine freiwillige Spende ausleihen k\u00f6nnen, passt das Rad von LaMa genau in unser Konzept.\u201c<\/p>\n\n\n\n<p>B\u00fcrgermeister Ralf Eisenhauer hebt die Bedeutung der Lastenr\u00e4der als gute Mobilit\u00e4tsoption hervor: \u201eLastenr\u00e4der erzeugen verschiedene positive Effekte, denn sie sind praktisch in den Alltag zu integrieren und schonen die Umwelt. Ein Lastenrad zum Teilen f\u00fcr alle in unmittelbarer N\u00e4he f\u00f6rdert den Zusammenhalt und regt an, k\u00fcrzere Transportwege klimaneutral zur\u00fcckzulegen.\u201c&nbsp; &nbsp;<\/p>\n\n\n\n<p>Das Markhaus leiht das Lastenrad im laufenden Betrieb aus. Somit besteht nun auch in Friedrichsfeld die M\u00f6glichkeit, unkompliziert, kostenlos und ohne Auto, Eink\u00e4ufe, sperrige Gegenst\u00e4nde zu transportieren oder auch Kinder auf einen Ausflug mitzunehmen. Das neue LaMa mit dem Namen \u201eHedda\u201c ist ein zweir\u00e4driges Lastenrad. Es hat einen Motor und im gro\u00dfen Vorderkorb k\u00f6nnen zwei Kinder von ca. 1,5 \u2013 6 Jahren angeschnallt werden. <\/p>\n\n\n\n<figure class=\"wp-block-image size-full\"><img loading=\"lazy\" decoding=\"async\" width=\"700\" height=\"525\" src=\"https:\/\/lastenvelomannheim.de\/wp-content\/uploads\/2025\/04\/LaMa-Hedda-in-Friedrichsfeld_Foto-Pia-Kempe-2_700px.jpg\" alt=\"\" class=\"wp-image-11770\" srcset=\"https:\/\/lastenvelomannheim.de\/wp-content\/uploads\/2025\/04\/LaMa-Hedda-in-Friedrichsfeld_Foto-Pia-Kempe-2_700px.jpg 700w, https:\/\/lastenvelomannheim.de\/wp-content\/uploads\/2025\/04\/LaMa-Hedda-in-Friedrichsfeld_Foto-Pia-Kempe-2_700px-300x225.jpg 300w, https:\/\/lastenvelomannheim.de\/wp-content\/uploads\/2025\/04\/LaMa-Hedda-in-Friedrichsfeld_Foto-Pia-Kempe-2_700px-60x45.jpg 60w, https:\/\/lastenvelomannheim.de\/wp-content\/uploads\/2025\/04\/LaMa-Hedda-in-Friedrichsfeld_Foto-Pia-Kempe-2_700px-100x75.jpg 100w\" sizes=\"auto, (max-width: 700px) 100vw, 700px\" \/><\/figure>\n","protected":false},"excerpt":{"rendered":"<p>Am Freitag, dem 11. April wurde &#8220;Hedda&#8221;, feierlich zusammen mit der Gesch\u00e4ftsf\u00fchrerin Henrike Zeilfelder von Markthaus Mannheim, dem Filialleiter Roger Zimmermann vom Markthaus Friedrichsfeld, Mannheims B\u00fcrgermeister f\u00fcr Stadtentwicklung und Verkehrsplanung Ralf Eisenhauer und dem Zweiten LaMa Vorstand Matthias Philipp eingeweiht.&nbsp; Das Lastenrad kann ab sofort kostenlos und bis zu drei Tage am St\u00fcck von B\u00fcrgerinnen &hellip; <\/p>\n<p class=\"link-more\"><a href=\"https:\/\/lastenvelomannheim.de\/?p=11763\" class=\"more-link\"><span class=\"screen-reader-text\">\u201eNeues Lastenrad &#8220;Hedda&#8221; beim Markthaus im Herzen von Friedrichsfeld ausleihbar\u201c <\/span>weiterlesen<\/a><\/p>\n","protected":false},"author":151,"featured_media":11767,"comment_status":"closed","ping_status":"open","sticky":false,"template":"","format":"standard","meta":{"footnotes":""},"categories":[1],"tags":[],"class_list":["post-11763","post","type-post","status-publish","format-standard","has-post-thumbnail","hentry","category-allgemein"],"_links":{"self":[{"href":"https:\/\/lastenvelomannheim.de\/index.php?rest_route=\/wp\/v2\/posts\/11763","targetHints":{"allow":["GET"]}}],"collection":[{"href":"https:\/\/lastenvelomannheim.de\/index.php?rest_route=\/wp\/v2\/posts"}],"about":[{"href":"https:\/\/lastenvelomannheim.de\/index.php?rest_route=\/wp\/v2\/types\/post"}],"author":[{"embeddable":true,"href":"https:\/\/lastenvelomannheim.de\/index.php?rest_route=\/wp\/v2\/users\/151"}],"replies":[{"embeddable":true,"href":"https:\/\/lastenvelomannheim.de\/index.php?rest_route=%2Fwp%2Fv2%2Fcomments&post=11763"}],"version-history":[{"count":5,"href":"https:\/\/lastenvelomannheim.de\/index.php?rest_route=\/wp\/v2\/posts\/11763\/revisions"}],"predecessor-version":[{"id":11780,"href":"https:\/\/lastenvelomannheim.de\/index.php?rest_route=\/wp\/v2\/posts\/11763\/revisions\/11780"}],"wp:featuredmedia":[{"embeddable":true,"href":"https:\/\/lastenvelomannheim.de\/index.php?rest_route=\/wp\/v2\/media\/11767"}],"wp:attachment":[{"href":"https:\/\/lastenvelomannheim.de\/index.php?rest_route=%2Fwp%2Fv2%2Fmedia&parent=11763"}],"wp:term":[{"taxonomy":"category","embeddable":true,"href":"https:\/\/lastenvelomannheim.de\/index.php?rest_route=%2Fwp%2Fv2%2Fcategories&post=11763"},{"taxonomy":"post_tag","embeddable":true,"href":"https:\/\/lastenvelomannheim.de\/index.php?rest_route=%2Fwp%2Fv2%2Ftags&post=11763"}],"curies":[{"name":"wp","href":"https:\/\/api.w.org\/{rel}","templated":true}]}}