{"id":10964,"date":"2025-01-01T19:40:00","date_gmt":"2025-01-01T18:40:00","guid":{"rendered":"https:\/\/lastenvelomannheim.de\/?p=10964"},"modified":"2025-04-01T12:32:44","modified_gmt":"2025-04-01T10:32:44","slug":"danke-an-1100-lastenraeder-im-jahr-2024","status":"publish","type":"post","link":"https:\/\/lastenvelomannheim.de\/?p=10964","title":{"rendered":"Danke an 1100 Lastenr\u00e4der im Jahr 2024"},"content":{"rendered":"\n<p>Warum denn 1100? Da die LaMa Flotte im letzten Jahr stark angewachsen ist, wurden 18 LaMa Lastenr\u00e4der \u00fcber 1100-mal ausgeliehen. Unsere 1700 Benutzerinnen und Benutzer tragen t\u00e4glich zu weniger PKW-Verkehr in Mannheim und Umgebung bei. Mehr Lastenr\u00e4der wurden durch das Preisgeld aus dem <mark style=\"background-color:rgba(0, 0, 0, 0)\" class=\"has-inline-color has-black-color\">Beteiligungshaushalt Mannheim<\/mark><strong><mark style=\"background-color:rgba(0, 0, 0, 0)\" class=\"has-inline-color has-vivid-cyan-blue-color\"> <\/mark><\/strong>m\u00f6glich, mit dem die Stadt die Umsetzung von sozialen und \u00f6kologischen Projekten f\u00f6rdert.<\/p>\n\n\n\n<p>Hinter LaMa steht ein gro\u00dfes Team und im letzten Jahr hatten wir gemeinsam Spa\u00df bei vielen Projekten: Ob mit Infost\u00e4nden und Probefahrten beim Monnem Bike Festival, beim Handwerken am LaMa Container, oder der LaMa Weihnachtsfeier. Schau einmal hinter die Kulissen:<\/p>\n\n\n\n<p><a href=\"https:\/\/lastenvelomannheim.de\/?page_id=10670\" data-type=\"page\" data-id=\"10670\">Lies mehr \u00fcber Aktionen mit Bildern aus 2024 und davor<\/a><\/p>\n\n\n\n<p><\/p>\n","protected":false},"excerpt":{"rendered":"<p>Warum denn 1100? Da die LaMa Flotte im letzten Jahr stark angewachsen ist, wurden 18 LaMa Lastenr\u00e4der \u00fcber 1100-mal ausgeliehen. Unsere 1700 Benutzerinnen und Benutzer tragen t\u00e4glich zu weniger PKW-Verkehr in Mannheim und Umgebung bei. Mehr Lastenr\u00e4der wurden durch das Preisgeld aus dem Beteiligungshaushalt Mannheim m\u00f6glich, mit dem die Stadt die Umsetzung von sozialen und &hellip; <\/p>\n<p class=\"link-more\"><a href=\"https:\/\/lastenvelomannheim.de\/?p=10964\" class=\"more-link\"><span class=\"screen-reader-text\">\u201eDanke an 1100 Lastenr\u00e4der im Jahr 2024\u201c <\/span>weiterlesen<\/a><\/p>\n","protected":false},"author":151,"featured_media":10693,"comment_status":"closed","ping_status":"open","sticky":false,"template":"","format":"standard","meta":{"footnotes":""},"categories":[1],"tags":[],"class_list":["post-10964","post","type-post","status-publish","format-standard","has-post-thumbnail","hentry","category-allgemein"],"_links":{"self":[{"href":"https:\/\/lastenvelomannheim.de\/index.php?rest_route=\/wp\/v2\/posts\/10964","targetHints":{"allow":["GET"]}}],"collection":[{"href":"https:\/\/lastenvelomannheim.de\/index.php?rest_route=\/wp\/v2\/posts"}],"about":[{"href":"https:\/\/lastenvelomannheim.de\/index.php?rest_route=\/wp\/v2\/types\/post"}],"author":[{"embeddable":true,"href":"https:\/\/lastenvelomannheim.de\/index.php?rest_route=\/wp\/v2\/users\/151"}],"replies":[{"embeddable":true,"href":"https:\/\/lastenvelomannheim.de\/index.php?rest_route=%2Fwp%2Fv2%2Fcomments&post=10964"}],"version-history":[{"count":3,"href":"https:\/\/lastenvelomannheim.de\/index.php?rest_route=\/wp\/v2\/posts\/10964\/revisions"}],"predecessor-version":[{"id":10968,"href":"https:\/\/lastenvelomannheim.de\/index.php?rest_route=\/wp\/v2\/posts\/10964\/revisions\/10968"}],"wp:featuredmedia":[{"embeddable":true,"href":"https:\/\/lastenvelomannheim.de\/index.php?rest_route=\/wp\/v2\/media\/10693"}],"wp:attachment":[{"href":"https:\/\/lastenvelomannheim.de\/index.php?rest_route=%2Fwp%2Fv2%2Fmedia&parent=10964"}],"wp:term":[{"taxonomy":"category","embeddable":true,"href":"https:\/\/lastenvelomannheim.de\/index.php?rest_route=%2Fwp%2Fv2%2Fcategories&post=10964"},{"taxonomy":"post_tag","embeddable":true,"href":"https:\/\/lastenvelomannheim.de\/index.php?rest_route=%2Fwp%2Fv2%2Ftags&post=10964"}],"curies":[{"name":"wp","href":"https:\/\/api.w.org\/{rel}","templated":true}]}}